{"id":40694,"global_id":"europaforum.nu?id=40694","global_id_lineage":["europaforum.nu?id=40694"],"author":"9","status":"publish","date":"2023-12-19 19:28:27","date_utc":"2023-12-19 18:28:27","modified":"2024-04-16 15:51:03","modified_utc":"2024-04-16 14:51:03","url":"https:\/\/europaforum.nu\/?tribe_events=save-the-date-europaforum-norra-sverige-2024","rest_url":"https:\/\/europaforum.nu\/index.php?rest_route=\/tribe\/events\/v1\/events\/40694","title":"EUROPAFORUM 2024 I SUNDSVALL","description":"<p><strong>\u00c4r du samh\u00e4llsakt\u00f6r och har intresse f\u00f6r norra Sveriges utveckling och samverkan med EU? D\u00e5 \u00e4r Europaforum Norra Sveriges stora forum 2024 platsen f\u00f6r dig. Forumet h\u00e5lls den 17\u201318 april p\u00e5 Hotell S\u00f6dra Berget i Sundsvall.\u00a0\u00a0<\/strong><\/p>\n<p><span data-contrast=\"none\">\u00c5rets tema <\/span><span data-contrast=\"auto\">\u00e4r <\/span><span data-contrast=\"none\">\u201dEU-val, geopolitisk oro och gr\u00f6n omst\u00e4llning \u2013 hur p\u00e5verkas norra Sverige?\u201d Programpunkterna kommer att <\/span><span data-contrast=\"auto\">belysa utmaningar och potentialer i norra Sveriges \u2013 vad regionen har att erbjuda EU och vad EU i sin tur har att erbjuda norra Sverige.\u00a0<\/span><span data-ccp-props=\"{&quot;201341983&quot;:0,&quot;335557856&quot;:16777215,&quot;335559739&quot;:0,&quot;335559740&quot;:240}\">\u00a0<\/span><\/p>\n<p><span data-contrast=\"none\">Lyssna p\u00e5 dialoger mellan beslutsfattare och h\u00f6gre tj\u00e4nstepersoner fr\u00e5n EU- och nationell niv\u00e5 samt regionala och lokala politiker fr\u00e5n norra Sverige. Du kan ocks\u00e5 sj\u00e4lv delta i diskussioner och f\u00e5 nya perspektiv p\u00e5 aktuella EU-fr\u00e5gor. Det finns ocks\u00e5 m\u00f6jlighet att tr\u00e4ffa utst\u00e4llare och n\u00e4tverka med <\/span><span data-contrast=\"auto\">andra samh\u00e4llsakt\u00f6rer.<\/span><span data-ccp-props=\"{&quot;201341983&quot;:0,&quot;335557856&quot;:16777215,&quot;335559739&quot;:0,&quot;335559740&quot;:240}\">\u00a0<\/span><\/p>\n<p><span data-ogsc=\"windowtext\"><strong>PROGRAM<br \/>\n<\/strong><\/span>Under forumet kommer bland annat det h\u00e4r att diskuteras:<br \/>\n\u2013 Vad EU:s initiativ och lagstining Green dea l och Fit for 55 betyder f\u00f6r norra Sverige.<br \/>\n\u2013 Det f\u00f6r\u00e4ndrade geopolitiska l\u00e4get som g\u00f6r att EU ser p\u00e5 norra Europa utifr\u00e5n ett annat perspektiv.<br \/>\n\u2013 Regionernas roll i det framtida EU, efter 2027. EU:s regionalpolitik, sammanh\u00e5llningspolitiken, st\u00e5r inf\u00f6r ett stort omvandlingstryck.<br \/>\n\u2013 Valet till Europaparlamentet den 9 juni. Vad som st\u00e5r p\u00e5 spel och varf\u00f6r \u00e4r det s\u00e5 viktigt att vi r\u00f6star? Det blir \u00e4ven samtal om hur norra Sveriges intressen kan tillvaratas kopplat till EU-valet<\/p>\n<p><strong>Se alla programpunkter h\u00e4r:<\/strong> <a href=\"https:\/\/europaforum.nu\/wp-content\/uploads\/2024\/04\/Program-Europaforum-2024-_Sodra-Berget.pdf\">Program f\u00f6r Europaforum 2024<\/a>.<\/p>\n<p><em>Programmets h\u00e5lltider \u00e4r prelimin\u00e4ra och vissa programpunkter kan komma att uppdateras.<\/em><\/p>\n<p class=\"x_MsoNormal\" data-ogsc=\"\"><strong>SISTA ANM\u00c4LNINGSDAG VAR DEN 4 APRIL<br \/>\n<\/strong>Det \u00e4r allts\u00e5 inte l\u00e4ngre m\u00f6jligt att anm\u00e4la sig f\u00f6r att ta del av Europaforum 2024 p\u00e5 plats.<\/p>\n<p class=\"x_MsoNormal\" data-ogsc=\"\"><strong>AVBOKNING ELLER OMBOKNING:<\/strong><br \/>\n\u00c4r du anm\u00e4ld, men vill avboka eller omboka? Skicka d\u00e5 ett mejl till efns2024@rvn.se.<\/p>\n<p><strong>LIVES\u00c4NDNING<\/strong><br \/>\nSt\u00f6rre delen av Europaforum 2024 kommer att lives\u00e4ndas.<br \/>\n<strong>L\u00e4nk till s\u00e4ndningen den 17 april (dag 1): <\/strong>https:\/\/www.youtube.com\/watch?v=Ygusuw-OWrw<br \/>\n<strong>L\u00e4nk till s\u00e4ndningen den 18 april (dag 2): <\/strong>https:\/\/youtube.com\/live\/Ylwvq-5SZrQ?feature=share<\/p>\n<p>Du kan ocks\u00e5 se s\u00e4ndningarna via startsidan h\u00e4r\u00a0p\u00e5 Europaforum.nu.<\/p>\n<p><strong>BUSSAR TILL OCH FR\u00c5N S\u00d6DRA BERGET<\/strong><br \/>\nUnder Europaforum kommer det att finnas bussar som trafikerar str\u00e4ckan Resecentrum Sundsvall-S\u00f6dra berget. Ingen anm\u00e4lan kr\u00e4vs utan det \u00e4r bara att hoppa p\u00e5 bussen.<br \/>\nBussen kommer att st\u00e5 p\u00e5 bussterminalen gate D alternativt E, en trappa ner p\u00e5 Resecentrum. Bussen kommer att vara uppm\u00e4rkt med Europaforum.<\/p>\n<p><strong>Avg\u00e5ngar fr\u00e5n Resecentrum 17 april<\/strong><br \/>\nKlockan 8.30, 10.15 och 11.30.<\/p>\n<p><strong>Avg\u00e5ng fr\u00e5n S\u00f6dra Berget 17 april<\/strong><br \/>\nKlockan 12.15<\/p>\n<p><strong>Avg\u00e5ngar fr\u00e5n\u00a0S\u00f6dra Berget 18 april<\/strong><br \/>\nKlockan 12.00 och 13.10<\/p>\n<p><strong>Press<\/strong><br \/>\n<a href=\"https:\/\/europaforum.nu\/wp-content\/uploads\/2024\/04\/Pressinbjudan-Europaforum-2024.pdf\">Pressinbjudan<\/a><\/p>\n<p class=\"x_MsoNormal\" data-ogsc=\"\"><strong>\u00d6VRIGT<br \/>\n<\/strong><span data-ogsb=\"white\">I anslutning till Europaforum genomf\u00f6rs ocks\u00e5 det \u00e5rliga J\u00e4rnv\u00e4gsforum, 18\u201319 april.<br \/>\nL\u00e4s mer om J\u00e4rnv\u00e4gsforum p\u00e5: <\/span><span data-ogsc=\"windowtext\"><a href=\"http:\/\/www.jarnvagsforumnorr.se\/\" target=\"_blank\" rel=\"noopener noreferrer\" data-auth=\"NotApplicable\" data-linkindex=\"1\" data-ogsc=\"\">jarnvagsforumnorr.se<\/a><\/span><\/p>","excerpt":"","slug":"save-the-date-europaforum-norra-sverige-2024","image":{"url":"https:\/\/europaforum.nu\/wp-content\/uploads\/2024\/03\/Europaforum-2024-LinkedIn-event.jpg","id":40753,"extension":"jpg","width":1200,"height":627,"filesize":111887,"sizes":{"medium":{"width":300,"height":157,"mime-type":"image\/jpeg","filesize":15158,"url":"https:\/\/europaforum.nu\/wp-content\/uploads\/2024\/03\/Europaforum-2024-LinkedIn-event-300x157.jpg"},"large":{"width":1024,"height":535,"mime-type":"image\/jpeg","filesize":85783,"url":"https:\/\/europaforum.nu\/wp-content\/uploads\/2024\/03\/Europaforum-2024-LinkedIn-event-1024x535.jpg"},"thumbnail":{"width":150,"height":150,"mime-type":"image\/jpeg","filesize":9028,"url":"https:\/\/europaforum.nu\/wp-content\/uploads\/2024\/03\/Europaforum-2024-LinkedIn-event-150x150.jpg"},"medium_large":{"width":768,"height":401,"mime-type":"image\/jpeg","filesize":57399,"url":"https:\/\/europaforum.nu\/wp-content\/uploads\/2024\/03\/Europaforum-2024-LinkedIn-event-768x401.jpg"},"et-pb-post-main-image":{"width":400,"height":250,"mime-type":"image\/jpeg","filesize":25599,"url":"https:\/\/europaforum.nu\/wp-content\/uploads\/2024\/03\/Europaforum-2024-LinkedIn-event-400x250.jpg"},"et-pb-post-main-image-fullwidth":{"width":1080,"height":627,"mime-type":"image\/jpeg","filesize":108816,"url":"https:\/\/europaforum.nu\/wp-content\/uploads\/2024\/03\/Europaforum-2024-LinkedIn-event-1080x627.jpg"},"et-pb-portfolio-image":{"width":400,"height":284,"mime-type":"image\/jpeg","filesize":26942,"url":"https:\/\/europaforum.nu\/wp-content\/uploads\/2024\/03\/Europaforum-2024-LinkedIn-event-400x284.jpg"},"et-pb-portfolio-module-image":{"width":510,"height":382,"mime-type":"image\/jpeg","filesize":39924,"url":"https:\/\/europaforum.nu\/wp-content\/uploads\/2024\/03\/Europaforum-2024-LinkedIn-event-510x382.jpg"},"et-pb-portfolio-image-single":{"width":1080,"height":564,"mime-type":"image\/jpeg","filesize":93510,"url":"https:\/\/europaforum.nu\/wp-content\/uploads\/2024\/03\/Europaforum-2024-LinkedIn-event-1080x564.jpg"},"et-pb-gallery-module-image-portrait":{"width":400,"height":516,"mime-type":"image\/jpeg","filesize":41447,"url":"https:\/\/europaforum.nu\/wp-content\/uploads\/2024\/03\/Europaforum-2024-LinkedIn-event-400x516.jpg"},"et-pb-image--responsive--tablet":{"width":980,"height":512,"mime-type":"image\/jpeg","filesize":81377,"url":"https:\/\/europaforum.nu\/wp-content\/uploads\/2024\/03\/Europaforum-2024-LinkedIn-event-980x512.jpg"},"et-pb-image--responsive--phone":{"width":480,"height":251,"mime-type":"image\/jpeg","filesize":28691,"url":"https:\/\/europaforum.nu\/wp-content\/uploads\/2024\/03\/Europaforum-2024-LinkedIn-event-480x251.jpg"},"cmplz_banner_image":{"width":350,"height":100,"mime-type":"image\/jpeg","filesize":11552,"url":"https:\/\/europaforum.nu\/wp-content\/uploads\/2024\/03\/Europaforum-2024-LinkedIn-event-350x100.jpg"}}},"all_day":false,"start_date":"2024-04-17 13:00:00","start_date_details":{"year":"2024","month":"04","day":"17","hour":"13","minutes":"00","seconds":"00"},"end_date":"2024-04-18 12:00:00","end_date_details":{"year":"2024","month":"04","day":"18","hour":"12","minutes":"00","seconds":"00"},"utc_start_date":"2024-04-17 11:00:00","utc_start_date_details":{"year":"2024","month":"04","day":"17","hour":"11","minutes":"00","seconds":"00"},"utc_end_date":"2024-04-18 10:00:00","utc_end_date_details":{"year":"2024","month":"04","day":"18","hour":"10","minutes":"00","seconds":"00"},"timezone":"UTC+1","timezone_abbr":"UTC+1","cost":"","cost_details":{"currency_symbol":"","currency_code":"","currency_position":"prefix","values":[]},"website":"","show_map":true,"show_map_link":true,"hide_from_listings":false,"sticky":false,"featured":false,"categories":[],"tags":[],"venue":{"id":40748,"author":"1","status":"publish","date":"2024-02-27 10:49:04","date_utc":"2024-02-27 09:49:04","modified":"2024-03-15 09:29:36","modified_utc":"2024-03-15 08:29:36","url":"https:\/\/europaforum.nu\/?tribe_venue=sodra-berget-sundsvall","venue":"Hotell s\u00f6dra berget, Sundsvall","slug":"sodra-berget-sundsvall","address":"S\u00f6dra statsberget 1","city":"Sundsvall","country":"Sweden","zip":"85238","json_ld":{"@type":"Place","name":"Hotell s\u00f6dra berget, Sundsvall","description":"","url":"","address":{"@type":"PostalAddress","streetAddress":"S\u00f6dra statsberget 1","addressLocality":"Sundsvall","postalCode":"85238","addressCountry":"Sweden"},"telephone":"","sameAs":""},"show_map":true,"show_map_link":true,"global_id":"europaforum.nu?id=40748","global_id_lineage":["europaforum.nu?id=40748"]},"organizer":[],"custom_fields":[],"json_ld":{"@context":"http:\/\/schema.org","@type":"Event","name":"EUROPAFORUM 2024 I SUNDSVALL","description":"&lt;p&gt;\u00c4r du samh\u00e4llsakt\u00f6r och har intresse f\u00f6r norra Sveriges utveckling och samverkan med EU? D\u00e5 \u00e4r Europaforum Norra Sveriges stora forum 2024 platsen f\u00f6r dig. Forumet h\u00e5lls den 17\u201318 april [&hellip;]&lt;\/p&gt;\\n","image":"https:\/\/europaforum.nu\/wp-content\/uploads\/2024\/03\/Europaforum-2024-LinkedIn-event.jpg","url":"https:\/\/europaforum.nu\/?tribe_events=save-the-date-europaforum-norra-sverige-2024","eventAttendanceMode":"https:\/\/schema.org\/OfflineEventAttendanceMode","eventStatus":"https:\/\/schema.org\/EventScheduled","startDate":"2024-04-17T13:00:00+01:00","endDate":"2024-04-18T12:00:00+01:00","location":{"@type":"Place","name":"Hotell s\u00f6dra berget, Sundsvall","description":"","url":"","address":{"@type":"PostalAddress","streetAddress":"S\u00f6dra statsberget 1","addressLocality":"Sundsvall","postalCode":"85238","addressCountry":"Sweden"},"telephone":"","sameAs":""},"performer":"Organization"}}