{"id":39580,"date":"2022-09-29T16:31:54","date_gmt":"2022-09-29T15:31:54","guid":{"rendered":"http:\/\/utv.europaforum.nu\/?p=39580"},"modified":"2023-06-04T08:26:00","modified_gmt":"2023-06-04T07:26:00","slug":"europaforum-norra-sverige-tar-stallning-tillsammans-med-skogsregioner-i-sodra-europa","status":"publish","type":"post","link":"https:\/\/europaforum.nu\/?p=39580","title":{"rendered":"Europaforum Norra Sverige tar st\u00e4llning tillsammans med skogsregioner i s\u00f6dra Europa"},"content":{"rendered":"\n<p>Europaforum Norra Sverige skrev den 28 september under en position framtagen av ERIAFF, ett europeiskt n\u00e4tverk mellan regionala parter inom jordbruk, mat och skog. Positionen g\u00e4ller EU-kommissionens senaste lagf\u00f6rslag om markanv\u00e4ndning, Bindande m\u00e5l f\u00f6r \u00e5terst\u00e4llande av natur.<\/p>\n\n\n\n<p>EU-kommissionens senaste lagf\u00f6rslag som ber\u00f6r skog,&nbsp;Bindande m\u00e5l f\u00f6r \u00e5terst\u00e4llande av natur,&nbsp;riskerar att p\u00e5verka upptaget av co2 eftersom det kan bli f\u00e4rre v\u00e4xande tr\u00e4d som binder co2 och det riskerar l\u00f6nsamheten och jobben i skogsn\u00e4ringen. Men det riskerar ocks\u00e5 att \u00f6ka risken f\u00f6r sv\u00e5ra skogsbr\u00e4nder inte minst i mellersta och s\u00f6dra Europa med \u00f6kad m\u00e4ngd torrt och brandfarligt br\u00e4nsle kvar i skogarna, liksom risken f\u00f6r insektsangrepp p\u00e5 \u00e5ldrad skog.&nbsp;<\/p>\n\n\n\n<p>EFNS har d\u00e4rf\u00f6r signerat en&nbsp;position framtaget av ERIAFF, ett europeiskt n\u00e4tverk mellan regionala parter inom jordbruk, mat och skog. Positionen signerades h\u00f6gtidligt den 28 september av den tyska delstatsministern f\u00f6r jordbruk och transporter i Thuringen,&nbsp;Susanna Karawanskij, Nils-Olov Lindfors, Region Norrbotten och stryrelsemedlem i EFNS, Tiia Talviisara fr\u00e5n East-North Finland European Office tillsammans med andra representanter fr\u00e5n regioner i bland annat Holland, Tyskland, Spanien och Italien.&nbsp;<\/p>\n\n\n\n<p>De senaste \u00e5ren har&nbsp;EU-kommissionen kommit med en rad lagf\u00f6rslag och strategier som ber\u00f6r skog, trots att skogspolitiken inte ligger inom EU:s ansvarsomr\u00e5de.&nbsp;Dessa initiativ kan f\u00e5 stor p\u00e5verkan p\u00e5 skogsn\u00e4ringen och har skapat oro runt om i EU, eftersom initiativen ofta inriktas p\u00e5 bevarande av st\u00e5ende skog och inte tar tillr\u00e4cklig h\u00e4nsyn till skogens kretslopp.&nbsp;&nbsp;<\/p>\n\n\n\n<p>N\u00e4r EU-kommissionen kommer med alla dessa omfattande lagf\u00f6rslag som ber\u00f6r skog \u00e4r det sv\u00e5rt f\u00f6r enskilda akt\u00f6rer att b\u00e5de hinna h\u00e5lla koll p\u00e5 all ny information som kommer ut och kunna g\u00f6ra sin r\u00f6st h\u00f6rd. Genom att g\u00e5 ihop under st\u00f6rre n\u00e4tverk, som delar samma perspektiv p\u00e5 skogsfr\u00e5gor, kan genomslagskraften p\u00e5 Brysselarenan bli betydligt st\u00f6rre.&nbsp;&nbsp;<\/p>\n\n\n\n<p>I korthet betonar ERIAFF:s&nbsp;n\u00e4tverk av skogsregioner f\u00f6ljande synpunkter:&nbsp;<\/p>\n\n\n\n<ul class=\"wp-block-list\">\n<li>ERIAFF&nbsp;betonar behovet av att balansera den milj\u00f6m\u00e4ssiga, ekonomiska, sociala och kulturella h\u00e5llbarheten i omr\u00e5den som h\u00e5ller p\u00e5 att \u00e5terst\u00e4llas. Ekosystemens h\u00e5llbara ekonomiska funktion m\u00e5ste forts\u00e4tta att m\u00f6jligg\u00f6ras samtidigt som&nbsp;den biologiska m\u00e5ngfalden och milj\u00f6ns st\u00f6ds.&nbsp;<\/li>\n\n\n\n<li>ERIAFF&nbsp;p\u00e5pekar att h\u00e5llbart skogsbruk och fr\u00e4mjande av biologisk m\u00e5ngfald inte st\u00e5r&nbsp;i mots\u00e4ttning till varandra. Skogssk\u00f6tsel som gynnar kolbindning m\u00e5ste forts\u00e4tta att utvecklas \u00e4ven i framtiden. Restaurerings\u00e5tg\u00e4rder b\u00f6r d\u00e4rf\u00f6r baseras p\u00e5 den kreativa till\u00e4mpningen fr\u00e5n fall till fall och med hj\u00e4lp av lokal och regional kunskap.&nbsp;&nbsp;<\/li>\n\n\n\n<li>ERIAFF&nbsp;\u00e4r oroade \u00f6ver restaurerings\u00e5tg\u00e4rdernas inverkan p\u00e5 privata skogs\u00e4gare och v\u00e4lkomnar d\u00e4rf\u00f6r kommissionens f\u00f6rslag om att f\u00f6rb\u00e4ttra ekosystemtj\u00e4nsterna, inbegripet incitament och subventioner. Privata skogs\u00e4gare f\u00e5r sin f\u00f6rs\u00f6rjning fr\u00e5n den naturliga milj\u00f6n genom restaurerings\u00e5tg\u00e4rder, s\u00e5 ytterligare kostnader och administrativa b\u00f6rdor till f\u00f6ljd av restaurerings\u00e5tg\u00e4rder b\u00f6r undvikas eller kompenseras ekonomiskt. Restaureringen f\u00e5r inte heller leda till en situation d\u00e4r skogs\u00e4gare inte l\u00e4ngre kan bruka sin skog ekonomiskt.&nbsp;<\/li>\n\n\n\n<li>ERIAFF&nbsp;betonar vidare att man vid beslut om tidpunkten f\u00f6r och flexibiliteten i \u00e5terst\u00e4llandet skall ta h\u00e4nsyn till effekterna av den energi- och livsmedelskris som orsakats av kriget i Ukraina, den globala ekonomiska instabiliteten och de extrema naturf\u00f6rh\u00e5llandena. R\u00e4tt omfattning b\u00f6r ocks\u00e5 erk\u00e4nnas: s\u00e4rskild uppm\u00e4rksamhet b\u00f6r \u00e4gnas \u00e5t europeiska best\u00e4mmelser som riskerar avskogning, skogsbr\u00e4nder och \u00f6kenspridning.&nbsp;<\/li>\n\n\n\n<li>ERIAFF uppmanar till att utnyttja lokal kunskap samtidigt som man identifierar och best\u00e4mmer ekosystem med gott skick. Ekosystemen \u00e4r olika beroende p\u00e5 olika regioner, s\u00e5 normerna f\u00f6r de sex indikatorer f\u00f6r skogens biologiska m\u00e5ngfald som n\u00e4mns i f\u00f6rslaget b\u00f6r vara flexibelt till\u00e4mpliga p\u00e5 naturliga lokala f\u00f6rh\u00e5llanden. Det \u00e4r viktigt att rikta restaurerings\u00e5tg\u00e4rderna till r\u00e4tt platser d\u00e4r hotade livsmilj\u00f6er f\u00f6rekommer.&nbsp;<\/li>\n<\/ul>\n\n\n\n<p>North Sweden&nbsp;kommer forts\u00e4tta delta&nbsp;l\u00f6pande i arbetet i skogsdelen&nbsp;av&nbsp;ERIAFF&nbsp;d\u00e4r kan vi ge det nordiska perspektivet p\u00e5&nbsp;h\u00e5llbart&nbsp;skogsbruk.<\/p>\n\n\n\n<p>\/Maria Bostr\u00f6m<\/p>\n\n\n\n<p>L\u00e4s hela positionen&nbsp;<\/p>\n\n\n\n<p><a href=\"https:\/\/www.northsweden.eu\/media\/4415\/nrl_positionpaper_signed-20-15218.pdf\">h\u00e4r<\/a><\/p>\n","protected":false},"excerpt":{"rendered":"<p>Europaforum Norra Sverige skrev den 28 september under en position framtagen av ERIAFF, ett europeiskt n\u00e4tverk mellan regionala parter inom jordbruk, mat och skog. Positionen g\u00e4ller EU-kommissionens senaste lagf\u00f6rslag om [&hellip;]<\/p>\n","protected":false},"author":1,"featured_media":39581,"comment_status":"closed","ping_status":"closed","sticky":false,"template":"","format":"standard","meta":{"_et_pb_use_builder":"off","_et_pb_old_content":"","_et_gb_content_width":"1080","footnotes":""},"categories":[1],"tags":[],"class_list":["post-39580","post","type-post","status-publish","format-standard","has-post-thumbnail","hentry","category-nyheter"],"_links":{"self":[{"href":"https:\/\/europaforum.nu\/index.php?rest_route=\/wp\/v2\/posts\/39580","targetHints":{"allow":["GET"]}}],"collection":[{"href":"https:\/\/europaforum.nu\/index.php?rest_route=\/wp\/v2\/posts"}],"about":[{"href":"https:\/\/europaforum.nu\/index.php?rest_route=\/wp\/v2\/types\/post"}],"author":[{"embeddable":true,"href":"https:\/\/europaforum.nu\/index.php?rest_route=\/wp\/v2\/users\/1"}],"replies":[{"embeddable":true,"href":"https:\/\/europaforum.nu\/index.php?rest_route=%2Fwp%2Fv2%2Fcomments&post=39580"}],"version-history":[{"count":3,"href":"https:\/\/europaforum.nu\/index.php?rest_route=\/wp\/v2\/posts\/39580\/revisions"}],"predecessor-version":[{"id":40321,"href":"https:\/\/europaforum.nu\/index.php?rest_route=\/wp\/v2\/posts\/39580\/revisions\/40321"}],"wp:featuredmedia":[{"embeddable":true,"href":"https:\/\/europaforum.nu\/index.php?rest_route=\/wp\/v2\/media\/39581"}],"wp:attachment":[{"href":"https:\/\/europaforum.nu\/index.php?rest_route=%2Fwp%2Fv2%2Fmedia&parent=39580"}],"wp:term":[{"taxonomy":"category","embeddable":true,"href":"https:\/\/europaforum.nu\/index.php?rest_route=%2Fwp%2Fv2%2Fcategories&post=39580"},{"taxonomy":"post_tag","embeddable":true,"href":"https:\/\/europaforum.nu\/index.php?rest_route=%2Fwp%2Fv2%2Ftags&post=39580"}],"curies":[{"name":"wp","href":"https:\/\/api.w.org\/{rel}","templated":true}]}}