{"id":39583,"date":"2022-09-15T16:37:15","date_gmt":"2022-09-15T15:37:15","guid":{"rendered":"http:\/\/utv.europaforum.nu\/?p=39583"},"modified":"2023-03-07T16:38:55","modified_gmt":"2023-03-07T15:38:55","slug":"europaparlamentet-antog-revideringen-av-fornybartdirektivet-trots-opposition-fran-flera-medlemslander","status":"publish","type":"post","link":"https:\/\/europaforum.nu\/?p=39583","title":{"rendered":"Europaparlamentet antog revideringen av F\u00f6rnybartdirektivet trots opposition fr\u00e5n flera medlemsl\u00e4nder"},"content":{"rendered":"\n<p>Den 14 september r\u00f6stade Europaparlamentet igenom revideringen av F\u00f6rnybartdirektivet (RED III), som i stort avg\u00f6r om biomassa direkt fr\u00e5n skogen ska kunna klassas som h\u00e5llbart eller inte. Det antagna f\u00f6rslaget inneb\u00e4r en begr\u00e4nsning av andelen prim\u00e4r tr\u00e4r\u00e5vara som f\u00e5r r\u00e4knas som f\u00f6rnybar energi. Politiker fr\u00e5n norra Sverige har med st\u00f6d av North Sweden European Office skrev ett brev till Europaparlamentarikerna inf\u00f6r omr\u00f6stningen d\u00e4r de bad om en lagstiftning som fungerar \u00e4ven f\u00f6r de arktiska regionerna, som till stor del v\u00e4rms och f\u00e5r elektricitet fr\u00e5n denna typ av biomassa.<\/p>\n\n\n\n<p>En ut\u00f6kad anv\u00e4ndning av f\u00f6rnybara energik\u00e4llor \u00e4r centralt om EU ska uppn\u00e5 sina m\u00e5ls\u00e4ttningar enligt den s\u00e5 kallade gr\u00f6na given, som har som m\u00e5l att EU ska vara klimatneutralt 2050.&nbsp;EU:s viktigaste instrument f\u00f6r att fr\u00e4mja energi fr\u00e5n f\u00f6rnybara energik\u00e4llor \u00e4r direktivet om f\u00f6rnybar energi (RED II), \u00e4ven kallat F\u00f6rnybartdirektivet. I den tredje f\u00f6reslagna revideringen av direktivet (RED III) har h\u00e5llbarhetskriterierna f\u00f6r biomassa \u00e4ndrats som skulle inneb\u00e4ra att biomassa direkt fr\u00e5n det svenska skogsbruket inte l\u00e4ngre kan klassas som en f\u00f6rnybar resurs om den anv\u00e4nds f\u00f6r att skapa v\u00e4rme och el.&nbsp;<\/p>\n\n\n\n<p>Den 14 september r\u00f6stade Europaparlamentet igenom revideringen av F\u00f6rnybartdirektivet i Strasbourg med 418 r\u00f6ster f\u00f6r, 109 r\u00f6ster mot och 111 som avstod fr\u00e5n att r\u00f6sta. Parlamentarikerna antog \u00e4ndringsf\u00f6rslag som kr\u00e4ver en gradvis minskning av den andel prim\u00e4rt&nbsp;tr\u00e4r\u00e5vara som r\u00e4knas som f\u00f6rnybar energi.&nbsp;&nbsp;<\/p>\n\n\n\n<p>\u2013 Vi n\u00e5dde inte \u00e4nda fram denna g\u00e5ng tyv\u00e4rr, men kampen om den prim\u00e4ra tr\u00e4r\u00e5varan forts\u00e4tter i n\u00e4sta steg i fortsatta f\u00f6rhandlingar. Argumenten fr\u00e5n Europaforums position om energi och \u00e4ven fr\u00e5n brevet kommer vi att forts\u00e4tta jobba intensivt med, s\u00e4ger Carina Christiansen, projektledare f\u00f6r bioekonomi p\u00e5 North Sweden European Office i Bryssel.&nbsp;<\/p>\n\n\n\n<p>Hon till\u00e4gger att det inte bara \u00e4r nordiska skogsbruksl\u00e4nder som k\u00e4mpar f\u00f6r att restprodukter direkt fr\u00e5n skogen ska kunna anv\u00e4ndas som bioenergi.&nbsp;<\/p>\n\n\n\n<p>\u2013 Det finns flera l\u00e4nder i s\u00f6dra Europa som beh\u00f6ver ta ut denna typ av biomassa fr\u00e5n skogarna f\u00f6r att f\u00f6rhindra kraftiga br\u00e4nder och d\u00e5 \u00e4r det en stor f\u00f6rdel f\u00f6r skogs\u00e4garna att kunna s\u00e4lja biomassan s\u00e5 att de har r\u00e5d med n\u00f6dv\u00e4ndig skogssk\u00f6tsel.&nbsp;<\/p>\n\n\n\n<h3 class=\"wp-block-heading\"><strong>F\u00f6rnybara r\u00e5varor fr\u00e5n skogen avg\u00f6rande f\u00f6r hur de arktiska regionerna ska klara av vintern &nbsp;<\/strong><\/h3>\n\n\n\n<p>Inf\u00f6r&nbsp;voteringen om direktivet skrev fyra politiker fr\u00e5n norra Sverige, som sammanlagt \u00e4r representanter f\u00f6r hundratusentals hush\u00e5ll, ett brev till EU-parlamentarikerna med st\u00f6d av North Sweden European Office. Brevet \u00e4r signerat av Kommunalr\u00e5det i \u00c5re Daniel Danielsson, kommunfullm\u00e4ktigeledamoten Britta Flinkfeldt fr\u00e5n Arjeplogs kommun, regionr\u00e5det Nils-Olov Lindfors fr\u00e5n Norrbotten och&nbsp;Johnny Lundin fr\u00e5n Region V\u00e4sternorrland, samtliga \u00e4r rapport\u00f6rer i Europaforum Norra Sverige.<\/p>\n\n\n\n<p>Brevet publicerades \u00e4ven&nbsp;i en av de mest inflytelserika tidningarna i Bryssel,&nbsp;<a rel=\"noreferrer noopener\" href=\"https:\/\/www.politico.eu\/article\/warm-ourselves-arctic-region-allowed\/\" target=\"_blank\">Politico Europe<\/a>&nbsp;i formen av en debattartikel.&nbsp;I brevet understryks att&nbsp;biomassa direkt fr\u00e5n skogen till stor del v\u00e4rmer norra Sverige och producerar elektricitet samt \u00e4ven \u00e5nga till industrier. F\u00f6rfattarna till brevet ber d\u00e4rf\u00f6r efter&nbsp;en lagstiftning som fungerar \u00e4ven f\u00f6r de arktiska regionerna.&nbsp;I&nbsp;Politico-artikeln finns \u00e4ven en l\u00e4nk som informerar om bioenergins viktiga roll i Sverige samt en l\u00e4nk till&nbsp;Europaforum Norra Sveriges senaste position om energil\u00e4get i EU.&nbsp;Dessa former av samverkande p\u00e5verkansarbete \u00e4r fundamental f\u00f6r att norra Sveriges intressen&nbsp;ska h\u00f6ras och synas&nbsp;p\u00e5&nbsp;Bryssel-niv\u00e5.&nbsp;Brevet kan l\u00e4sas i sin helhet nedan.<\/p>\n\n\n\n<p><strong>\u201cTill EU-parlamentariker som f\u00f6rhandlar om v\u00e5r v\u00e4rme: RED III<\/strong><\/p>\n\n\n\n<p>Vi \u00e4r representanter f\u00f6r hundratusentals hush\u00e5ll i kommuner i norra Sverige, i EU:s arktiska region, i EU:s kallaste region med l\u00e5nga h\u00e5rda kalla m\u00f6rka vintrar.&nbsp;&nbsp;<\/p>\n\n\n\n<p>I v\u00e5ra kommuner v\u00e4rmer vi v\u00e5ra bost\u00e4der, v\u00e5ra sjukhus, v\u00e5ra \u00e4ldreboenden och v\u00e5ra dagis med f\u00f6rnybara r\u00e5varor fr\u00e5n skogen, n\u00e4mligen flis. Flis g\u00f6rs av s\u00f6ndertuggad biomassa fr\u00e5n grenar och toppar efter avverkningar, men \u00e4ven fr\u00e5n mindre tr\u00e4d, skadade stockar, material fr\u00e5n skogen som inte kan anv\u00e4ndas till br\u00e4dor.&nbsp;&nbsp;<\/p>\n\n\n\n<p>Det betyder att vi inte oroar oss f\u00f6r brist p\u00e5 rysk olja och gas. Vi klarar vinterkylan \u00e4nd\u00e5.&nbsp;<\/p>\n\n\n\n<p>Vi oroar oss i st\u00e4llet f\u00f6r de f\u00f6rhandlingar som just nu p\u00e5g\u00e5r i Bryssel i EU-parlamentet.&nbsp;&nbsp;<\/p>\n\n\n\n<p>Den 12 september ska ni ledam\u00f6ter r\u00f6sta om F\u00f6rnybartdirektivet.&nbsp;&nbsp;<\/p>\n\n\n\n<p>D\u00e5 ska ni r\u00f6sta om biomassa direkt fr\u00e5n skogen, som till exempel flis, ska f\u00e5 kallas h\u00e5llbar.&nbsp;&nbsp;<\/p>\n\n\n\n<p>Om ni skulle r\u00f6sta f\u00f6r ett stopp mot att anv\u00e4nda biomassa direkt fr\u00e5n skogen, s\u00e5 kallade prim\u00e4r biomassa, till v\u00e4rmeenergi, f\u00e5r vi i norr mycket stora problem.&nbsp;&nbsp;<\/p>\n\n\n\n<p>Varifr\u00e5n ska vi f\u00e5 v\u00e4rme?&nbsp;<\/p>\n\n\n\n<p>Hur ska vi klara vintern?&nbsp;&nbsp;<\/p>\n\n\n\n<p>Hur ska hundratusentals hush\u00e5ll klara att \u00f6verleva i kylan?&nbsp;<\/p>\n\n\n\n<p>Vissa v\u00e4rmeverk som eldar flis kan rent tekniskt inte st\u00e4llas om till andra br\u00e4nslen.&nbsp;<\/p>\n\n\n\n<p>Basen f\u00f6r all svensk skogsverksamhet \u00e4r att skapa l\u00e5nglivade produkter av tr\u00e4. Det vill s\u00e4ga stora fina raka stammar som kan anv\u00e4ndas till husbyggen, golv, altaner, reglar. I denna produktion blir det biprodukter som grenar och toppar och mindre tr\u00e4d som efterhand m\u00e5ste avl\u00e4gsnas f\u00f6r att ge mer luft och ljus \u00e5t de fina raka tr\u00e4den.&nbsp;&nbsp;<\/p>\n\n\n\n<p>Denna biomassa som blir \u00f6ver kan anv\u00e4ndas f\u00f6r att skapa v\u00e4rme och el.&nbsp;&nbsp;<\/p>\n\n\n\n<p>Den kan \u00e4ven l\u00e4mnas i skogen men d\u00e5 kommer den att t\u00e4cka marken och hindra annan v\u00e4xtlighet som ocks\u00e5 beh\u00f6ver komma upp f\u00f6r att bidra till en rik biologisk m\u00e5ngfald p\u00e5 platsen.&nbsp;&nbsp;<\/p>\n\n\n\n<p>\u00d6ver tid kommer den l\u00e4mnade biomassan att brytas ned och avge koldioxid.&nbsp;&nbsp;<\/p>\n\n\n\n<p>N\u00e4r den br\u00e4nns f\u00f6r att skapa v\u00e4rme och el avger den ocks\u00e5 koldioxid. Det \u00e4r samma koldioxid som l\u00e4mnar den h\u00e4r biomassan.&nbsp;<\/p>\n\n\n\n<p>Det \u00e4r d\u00e4rf\u00f6r effektivt och h\u00e5llbart att anv\u00e4nda denna biomassa till energi n\u00e4r den tar v\u00e4gen genom v\u00e5ra v\u00e4rmeverk.&nbsp;<\/p>\n\n\n\n<p>Det har funnits farh\u00e5gor om biologisk m\u00e5ngfald. Men det \u00e4r inte i torra rester fr\u00e5n avverkning, som grenar och toppar, som insekter och skalbaggar bos\u00e4tter sig.&nbsp;&nbsp;<\/p>\n\n\n\n<p>De vill ha st\u00f6rre stockar som kan samla v\u00e4tska och som ruttnar sakta.&nbsp;&nbsp;<\/p>\n\n\n\n<p>Detta har skogsn\u00e4ringen sedan l\u00e4nge tagit h\u00e4nsyn till genom att l\u00e4mna h\u00f6ga stubbar vid avverkning som sakta f\u00e5r ruttna och bli hem \u00e5t insekter och svampar.&nbsp;&nbsp;<\/p>\n\n\n\n<p>Det har ocks\u00e5 funnits farh\u00e5gor om skogsmarken f\u00f6rlorar n\u00e4ring n\u00e4r grenar och toppar avl\u00e4gsnas. Men n\u00e4ringen finns inte i grenarna utan i sj\u00e4lva barren och de torkar och ramlar av innan biomassan l\u00e4mnar skogen.&nbsp;&nbsp;<\/p>\n\n\n\n<p><strong>Vi ber er att t\u00e4nka p\u00e5 oss, kommuner, i EU:s arktiska region och helt avl\u00e4gsna den konstgjorda uppdelningen mellan prim\u00e4r och sekund\u00e4r biomassa i F\u00f6rnybartdirektivet, RED III, som ni snart ska r\u00f6sta om.&nbsp;&nbsp;<\/strong><\/p>\n\n\n\n<p>Enligt den uppdelningen ska enbart sekund\u00e4r biomassa fr\u00e5n sidostr\u00f6mmar fr\u00e5n industrin, som s\u00e5gsp\u00e5n och bark, f\u00e5 anv\u00e4ndas till v\u00e4rmeenergi. Effekten blir d\u00e5 att ingen v\u00e5gar eller kan satsa p\u00e5 anl\u00e4ggningar f\u00f6r energi fr\u00e5n flis och biprodukter fr\u00e5n skog eftersom de f\u00e5r st\u00e4mpeln icke h\u00e5llbar.&nbsp;<\/p>\n\n\n\n<p><strong>Detta skulle sp\u00e4da p\u00e5 den generella energibrist som vi i dagsl\u00e4get har i hela EU.&nbsp;&nbsp;<\/strong><\/p>\n\n\n\n<p>Restprodukter fr\u00e5n v\u00e5rt skogsbruk \u00e4r enligt v\u00e5rt s\u00e4tt att se lika h\u00e5llbara som skogsbruket de kommer ifr\u00e5n. De luktar gott, det handlar inte om olja och gas, utan vi lever med naturen och naturen v\u00e4rmer oss.&nbsp;<\/p>\n\n\n\n<p>Vi ber er d\u00e4rf\u00f6r om en lagstiftning som fungerar f\u00f6r oss i den arktiska regionen.\u201c<\/p>\n\n\n\n<p>L\u00e4s artikeln i Politico&nbsp;<a rel=\"noreferrer noopener\" href=\"https:\/\/www.politico.eu\/article\/warm-ourselves-arctic-region-allowed\/\" target=\"_blank\">h\u00e4r<\/a>.<\/p>\n\n\n\n<p>L\u00e4s Europaforum Norra Sveriges position om REPowerEU&nbsp;<\/p>\n\n\n\n<figure class=\"wp-block-image\"><a href=\"http:\/\/www.europaforum.nu\/wp-content\/uploads\/2022\/08\/efns-position-repowereu-2022-07-15.pdf\"><img decoding=\"async\" src=\"http:\/\/www.europaforum.nu\/wp-content\/plugins\/attachment-file-icons\/mime\/pdf-icon.png\" alt=\"\"\/><\/a><\/figure>\n\n\n\n<p><a rel=\"noreferrer noopener\" href=\"http:\/\/www.europaforum.nu\/wp-content\/uploads\/2022\/08\/efns-position-repowereu-2022-07-15.pdf\" target=\"_blank\">h\u00e4r.<\/a><\/p>\n\n\n\n<p>\/Maria Bostr\u00f6m<\/p>\n","protected":false},"excerpt":{"rendered":"<p>Den 14 september r\u00f6stade Europaparlamentet igenom revideringen av F\u00f6rnybartdirektivet (RED III), som i stort avg\u00f6r om biomassa direkt fr\u00e5n skogen ska kunna klassas som h\u00e5llbart eller inte. Det antagna f\u00f6rslaget [&hellip;]<\/p>\n","protected":false},"author":1,"featured_media":39584,"comment_status":"closed","ping_status":"closed","sticky":false,"template":"","format":"standard","meta":{"_et_pb_use_builder":"off","_et_pb_old_content":"","_et_gb_content_width":"1080","footnotes":""},"categories":[1],"tags":[],"class_list":["post-39583","post","type-post","status-publish","format-standard","has-post-thumbnail","hentry","category-nyheter"],"_links":{"self":[{"href":"https:\/\/europaforum.nu\/index.php?rest_route=\/wp\/v2\/posts\/39583","targetHints":{"allow":["GET"]}}],"collection":[{"href":"https:\/\/europaforum.nu\/index.php?rest_route=\/wp\/v2\/posts"}],"about":[{"href":"https:\/\/europaforum.nu\/index.php?rest_route=\/wp\/v2\/types\/post"}],"author":[{"embeddable":true,"href":"https:\/\/europaforum.nu\/index.php?rest_route=\/wp\/v2\/users\/1"}],"replies":[{"embeddable":true,"href":"https:\/\/europaforum.nu\/index.php?rest_route=%2Fwp%2Fv2%2Fcomments&post=39583"}],"version-history":[{"count":1,"href":"https:\/\/europaforum.nu\/index.php?rest_route=\/wp\/v2\/posts\/39583\/revisions"}],"predecessor-version":[{"id":39585,"href":"https:\/\/europaforum.nu\/index.php?rest_route=\/wp\/v2\/posts\/39583\/revisions\/39585"}],"wp:featuredmedia":[{"embeddable":true,"href":"https:\/\/europaforum.nu\/index.php?rest_route=\/wp\/v2\/media\/39584"}],"wp:attachment":[{"href":"https:\/\/europaforum.nu\/index.php?rest_route=%2Fwp%2Fv2%2Fmedia&parent=39583"}],"wp:term":[{"taxonomy":"category","embeddable":true,"href":"https:\/\/europaforum.nu\/index.php?rest_route=%2Fwp%2Fv2%2Fcategories&post=39583"},{"taxonomy":"post_tag","embeddable":true,"href":"https:\/\/europaforum.nu\/index.php?rest_route=%2Fwp%2Fv2%2Ftags&post=39583"}],"curies":[{"name":"wp","href":"https:\/\/api.w.org\/{rel}","templated":true}]}}