{"id":39593,"date":"2022-05-17T16:48:36","date_gmt":"2022-05-17T15:48:36","guid":{"rendered":"http:\/\/utv.europaforum.nu\/?p=39593"},"modified":"2023-03-07T16:50:10","modified_gmt":"2023-03-07T15:50:10","slug":"forslag-pa-ny-avskogningsforordning-med-regler-kring-livsmedel-dar-traprodukter-ingar","status":"publish","type":"post","link":"https:\/\/europaforum.nu\/?p=39593","title":{"rendered":"F\u00f6rslag p\u00e5 ny avskogningsf\u00f6rordning med regler kring livsmedel d\u00e4r tr\u00e4produkter ing\u00e5r"},"content":{"rendered":"\n<p>Tidigare har EU reglerat import och handel med olagligt avverkade tr\u00e4varor genom timmerf\u00f6rordningen som f\u00f6rbjuder f\u00f6rs\u00e4ljning av tr\u00e4 fr\u00e5n illegalt avverkad skog.&nbsp;I en ny f\u00f6rordning vill EU-kommissionen reglera handel med livsmedel varvid&nbsp;produktgruppen tr\u00e4 ing\u00e5r.&nbsp;EFNS v\u00e4lkomnar initiativ f\u00f6r att f\u00f6rhindra att varor inneh\u00e5ller produkter som i tredjeland bidragit till avskogning men understryker att avskogning huvudsakligen sker vid omvandling till \u00e5kermark f\u00f6r produktion av livsmedel.<\/p>\n\n\n\n<p>F\u00f6rslaget&nbsp;\u00e4r i huvudsak inriktat p\u00e5 kontroll- och rapportsystem som ska garantera att avskogning inte f\u00f6rekommit efter 2020 och skrevs i en situation med en v\u00e4l fungerande global handel av livsmedel utan uppenbara brister. Det f\u00f6rekommer dessutom flera begrepp med oklar betydelse som kan ge upphov till missf\u00f6rst\u00e5nd.&nbsp;<\/p>\n\n\n\n<p>EFNS st\u00e5ndpunkter fr\u00e5n den 4 maj p\u00e5 EU:s arbete med att f\u00f6rhindra avskogning i tredjeland:&nbsp;<\/p>\n\n\n\n<ul class=\"wp-block-list\">\n<li>F\u00f6rslag i EU:s tillv\u00e4xtstrategi, den gr\u00f6na given och Fit for 55, f\u00e5r inte riskera att leda till matbrist eller \u00f6kad fattigdom i tredjeland.&nbsp;<\/li>\n\n\n\n<li>Handel med tr\u00e4varor b\u00f6r inte f\u00f6rsv\u00e5ras n\u00e4r vi alla beh\u00f6ver ers\u00e4tta fossila material med f\u00f6rnybara.&nbsp;<\/li>\n\n\n\n<li>P\u00e5 de marknader d\u00e4r risken f\u00f6r avskogning \u00e4r stor b\u00f6r EU verka f\u00f6r \u00e5terbeskogning genom skogsbruk.&nbsp;<\/li>\n\n\n\n<li>Detaljreglering f\u00f6r hur h\u00e5llbart skogsbruk bedrivs b\u00f6r undvikas och terminologin beh\u00f6ver vara tydlig.&nbsp;<\/li>\n\n\n\n<li>Med ett f\u00f6r\u00e4ndrat s\u00e4kerhetsl\u00e4ge och befarad global matbrist \u00e4r det fel att \u00f6ka administration och kostnader f\u00f6r import av livsmedel till den inre marknaden.&nbsp;<\/li>\n<\/ul>\n\n\n\n<figure class=\"wp-block-image\"><a href=\"http:\/\/www.europaforum.nu\/wp-content\/uploads\/2022\/05\/efns-position-avskogningsforordningen-2022-05-04.pdf\"><img decoding=\"async\" src=\"http:\/\/www.europaforum.nu\/wp-content\/plugins\/attachment-file-icons\/mime\/pdf-icon.png\" alt=\"\"\/><\/a><\/figure>\n\n\n\n<p><a href=\"http:\/\/www.europaforum.nu\/wp-content\/uploads\/2022\/05\/efns-position-avskogningsforordningen-2022-05-04.pdf\">L\u00e4s positionen h\u00e4r<\/a><\/p>\n","protected":false},"excerpt":{"rendered":"<p>Tidigare har EU reglerat import och handel med olagligt avverkade tr\u00e4varor genom timmerf\u00f6rordningen som f\u00f6rbjuder f\u00f6rs\u00e4ljning av tr\u00e4 fr\u00e5n illegalt avverkad skog.&nbsp;I en ny f\u00f6rordning vill EU-kommissionen reglera handel med [&hellip;]<\/p>\n","protected":false},"author":1,"featured_media":39594,"comment_status":"closed","ping_status":"closed","sticky":false,"template":"","format":"standard","meta":{"_et_pb_use_builder":"off","_et_pb_old_content":"","_et_gb_content_width":"1080","footnotes":""},"categories":[1],"tags":[],"class_list":["post-39593","post","type-post","status-publish","format-standard","has-post-thumbnail","hentry","category-nyheter"],"_links":{"self":[{"href":"https:\/\/europaforum.nu\/index.php?rest_route=\/wp\/v2\/posts\/39593","targetHints":{"allow":["GET"]}}],"collection":[{"href":"https:\/\/europaforum.nu\/index.php?rest_route=\/wp\/v2\/posts"}],"about":[{"href":"https:\/\/europaforum.nu\/index.php?rest_route=\/wp\/v2\/types\/post"}],"author":[{"embeddable":true,"href":"https:\/\/europaforum.nu\/index.php?rest_route=\/wp\/v2\/users\/1"}],"replies":[{"embeddable":true,"href":"https:\/\/europaforum.nu\/index.php?rest_route=%2Fwp%2Fv2%2Fcomments&post=39593"}],"version-history":[{"count":1,"href":"https:\/\/europaforum.nu\/index.php?rest_route=\/wp\/v2\/posts\/39593\/revisions"}],"predecessor-version":[{"id":39595,"href":"https:\/\/europaforum.nu\/index.php?rest_route=\/wp\/v2\/posts\/39593\/revisions\/39595"}],"wp:featuredmedia":[{"embeddable":true,"href":"https:\/\/europaforum.nu\/index.php?rest_route=\/wp\/v2\/media\/39594"}],"wp:attachment":[{"href":"https:\/\/europaforum.nu\/index.php?rest_route=%2Fwp%2Fv2%2Fmedia&parent=39593"}],"wp:term":[{"taxonomy":"category","embeddable":true,"href":"https:\/\/europaforum.nu\/index.php?rest_route=%2Fwp%2Fv2%2Fcategories&post=39593"},{"taxonomy":"post_tag","embeddable":true,"href":"https:\/\/europaforum.nu\/index.php?rest_route=%2Fwp%2Fv2%2Ftags&post=39593"}],"curies":[{"name":"wp","href":"https:\/\/api.w.org\/{rel}","templated":true}]}}