{"id":39673,"date":"2022-05-04T08:10:43","date_gmt":"2022-05-04T07:10:43","guid":{"rendered":"http:\/\/utv.europaforum.nu\/?p=39673"},"modified":"2023-06-07T07:29:20","modified_gmt":"2023-06-07T06:29:20","slug":"europaforum-norra-sveriges-synpunkter-pa-insatser-for-att-framja-gron-och-digital-omstallning-i-norra-sverige","status":"publish","type":"post","link":"https:\/\/europaforum.nu\/?p=39673","title":{"rendered":"Europaforum Norra Sveriges synpunkter p\u00e5 Insatser f\u00f6r att fr\u00e4mja Gr\u00f6n och Digital omst\u00e4llning i Norra Sverige"},"content":{"rendered":"\n<p>Europaforum Norra Sverige (EFNS) \u00e4r ett n\u00e4tverk f\u00f6r politiker p\u00e5 lokal och regional niv\u00e5 fr\u00e5n Norrbotten, V\u00e4sterbotten, J\u00e4mtland H\u00e4rjedalen och V\u00e4sternorrland. EFNS \u00e4r en m\u00f6tesplats och kunskapsarena d\u00e4r EU:s politik analyseras och diskuteras i de avseenden d\u00e4r den ber\u00f6r norra Sverige. EFNS bevakar Europafr\u00e5gor f\u00f6r att p\u00e5verka EU:s lagstiftning, EU:s strategier och handlingsprogram samt EU:s budget. Syftet med EFNS \u00e4r att tillvara ta norra Sveriges intressen b\u00e5de p\u00e5 den europeiska arenan och i f\u00f6rh\u00e5llanden till den nationella niv\u00e5n i fr\u00e5gor med ett tydligt europeiskt perspektiv. <\/p>\n\n\n\n<p><strong>Europaforum Norra Sverige vill <\/strong><\/p>\n\n\n\n<p>Att EU i sitt beslutsfattande och sin utformning av st\u00f6dinsatser f\u00f6r den gr\u00f6na och digitala omst\u00e4llningen tar s\u00e4rskild h\u00e4nsyn norra Sveriges s\u00e4rskilda f\u00f6ruts\u00e4ttningar med gleshet, sm\u00e5 arbetsmarknader och mikrof\u00f6retag samt detta genom att invitera europeiska unionen till den testb\u00e4dd f\u00f6r metodutveckling av regionalpolitiska insatser som Norra Sverige kan utg\u00f6ra. <\/p>\n\n\n\n<p>EFNS f\u00f6resl\u00e5r att metodutvecklingen ska bygga p\u00e5 f\u00f6ljande Fr\u00e4mja testb\u00e4ddar f\u00f6r skr\u00e4ddarsydda policy till\u00e4mpningar i linje med OECDs analyser och rekommendationer genom HEINNOVATE-initiativet. <\/p>\n\n\n\n<p>1. Utforma och till\u00e4mpa mer platsbaserad politik f\u00f6r ekonomisk tillv\u00e4xt, utbildning, kompetensf\u00f6rs\u00f6rjning och innovation. <\/p>\n\n\n\n<p>2. St\u00e4rka l\u00e4nken mellan stad och land. <\/p>\n\n\n\n<p>3. Hantera territoriella marknadsmisslyckanden. <\/p>\n\n\n\n<p>4. St\u00f6tta entrepren\u00f6rskap och innovationskapacitet i glesa milj\u00f6er. <\/p>\n\n\n\n<p>5. Tillvarata potentialen f\u00f6r gr\u00f6n omst\u00e4llning. <\/p>\n\n\n\n<p><\/p>\n\n\n\n<p>Norra Sverige har unika m\u00f6jligheter att bidra till EU:s gr\u00f6na och digitala omst\u00e4llning, men innovationssystemet i de glesbefolkade milj\u00f6erna har unika utmaningar som m\u00e5ste bem\u00f6tas f\u00f6r att m\u00f6jligg\u00f6ra omst\u00e4llningen och utveckling i regionerna. En ny analys, av OECD i samarbete med EU- Kommissionen inom HEINNOVATE-initiativet (Supporting Entrepreneurship and Innovation in Higher Education in Sweden, 2021), visar p\u00e5 svaga kopplingar mellan investeringar forskning och inkomstutvecklingen. <\/p>\n\n\n\n<p>OECD ger en l\u00e5ng rad rekommendationer f\u00f6r kunskapsutbyte och samarbeten som kan \u00f6ka \u00f6verf\u00f6ringen av kunskap till n\u00e4ringslivet, samt bidra till entrepren\u00f6rskap liksom attraktionskraften hos sm\u00e5 arbetsmarknader. Det inneb\u00e4r att norra Sveriges universitet och regioner skulle kunna utg\u00f6ra en pilot- och testb\u00e4dd f\u00f6r innovativ utveckling av insatser som kan p\u00e5verka arbetsmarknadens funktionss\u00e4tt. De insatser som OECD rekommenderar omfatta fyra omr\u00e5den. <\/p>\n\n\n\n<p>1. \u00d6versyn av h\u00f6gre utbildning och innovationssystem <\/p>\n\n\n\n<p>2. Entrepren\u00f6riellt l\u00e4rande och utbildning <\/p>\n\n\n\n<p>3. Digital Kapacitet och omst\u00e4llning <\/p>\n\n\n\n<p>4. Kunskapsutbytes och samarbete <\/p>\n\n\n\n<p><strong>Regionalpolitiska \u00e5tg\u00e4rder med fokus p\u00e5 f\u00f6rst\u00e4rkt attraktionskraft f\u00f6r forskning och entrepren\u00f6rskap. <\/strong><\/p>\n\n\n\n<p>Mot bakgrund av EFNS upparbetade erfarenhet och den kunskap som EFNS byggt upp med st\u00f6d av OECDs analyser och rekommendationer, finns f\u00f6ruts\u00e4ttningar att utveckla till\u00e4mpningen av innovativa regionalpolitiska verktyg. <\/p>\n\n\n\n<p>Norra Sverige har s\u00e4rskilda utmaningar som g\u00f6r regionerna s\u00e5rbara, s\u00e5som stora avst\u00e5nd, glesoch \u00e5ldrande befolkning, liten kritisk massa, kallt klimat, samt en konjunkturk\u00e4nslig och naturresursbaserad ekonomi. Nordligaste Europa pr\u00e4glas av extrem gleshet och utspridda sm\u00e5 samh\u00e4llen, som samtidigt \u00e4r regionala tillv\u00e4xtmotorer f\u00f6r sin omgivning, enligt tidigare OECD studier1 . Utmaningarna i EU:s perifera och glesbefolkade omr\u00e5den m\u00e5ste hanteras med en aktiv politik. D\u00e4rf\u00f6r vill Europaforum Norra Sverige invitera unionen till den kunskapsarena f\u00f6r metodutveckling av regionalpolitiska insatser som Norra Sverige kan utg\u00f6ra. Periferins utmaningar med kompetensf\u00f6rs\u00f6rjning, kapitalf\u00f6rs\u00f6rjning liksom attraktionskraften p\u00e5 unga m\u00e4nniskor kan tillgodoses genomen aktiv policyutveckling. Det som fordras \u00e4r anpassning av till\u00e4mpningar inom olika politikomr\u00e5den, med den differentiering mellan stora och sm\u00e5 arbetsmarknader som de olika f\u00f6ruts\u00e4ttningarna fordrar2 . <\/p>\n\n\n\n<p>Ett avg\u00f6rande steg i denna metodutveckling har initierats av Kommissionen genom initiativet HEINNOVATE (higher education innovate) som OECD f\u00f6r n\u00e4rvarande genomf\u00f6r i dialog med medlemsstaterna, regioner och utbildningsinstitutioner. Analysarbetet tar sin utg\u00e5ngspunkt i att f\u00f6rst\u00e5 och f\u00f6resl\u00e5 f\u00f6r\u00e4ndringar i den utbudsstyrda utbildningssektorn, d\u00e4r en av effekterna \u00e4r att det idag finns stora variationer i tillg\u00e4ngligheten till h\u00f6gre utbildning. Detta riskerar Europas gr\u00f6na och digitala omst\u00e4llning d\u00e5 utbildningar erbjuds i urbana milj\u00f6 medan stora delar av omst\u00e4llningen m\u00f6jligg\u00f6rs i glesbefolkade omr\u00e5den. <\/p>\n\n\n\n<p>En annan utmaning \u00e4r att kapitalf\u00f6rs\u00f6rjning f\u00f6r sektorer, utom de som \u00e4r direkt knutna till den industriella bas som naturresurserna utg\u00f6r, p\u00e5verkas av marknadsmekanismer som g\u00f6r att finansmarknadens v\u00e4rdering av f\u00f6retagens och privatpersoners tillg\u00e5ngar och s\u00e4kerheter blir l\u00e4gre \u00e4n i befolkningst\u00e4ta regioner, <\/p>\n\n\n\n<p>Genom att utveckla regionalpolitiska metoder och instrument kan den h\u00e4mmande effekt som f\u00f6retag upplever, beroende p\u00e5 sin lokalisering p\u00e5 en perifer liten arbetsmarknad, \u00f6vervinnas. Etableringen av regionalpolitiska verktyg med denna inriktning har potentialen att vitalisera <\/p>\n\n\n\n<p>1 Det \u00e4r s\u00e4rskilt tydligt i OECD:s studie av NSPA 2017, OECD:s regional Outlook 2016, och den senaste OECD-studien: Rural Well-Being: Geography of Opportunities. <\/p>\n\n\n\n<p>2 Denna inbjudan till forskning och tillv\u00e4xtpolitisk metodutveckling grundar sig p\u00e5 de analyser som OECD genomf\u00f6rde genom NORA-studien (2011), vilka bekr\u00e4ftades och ut f\u00f6rdjupades i den Territorial Review \u00f6ver de Norra Glest Befolkade Regionerna (NSPA-studien (2017). <\/p>\n\n\n\n<p>Europas sm\u00e5 arbetsmarknader. Effekten kan bli att den inre marknaden utvecklas och effektiviseras. <\/p>\n\n\n\n<p>D\u00e4rf\u00f6r ser EFNS en riktad insats att utforma \u00e5tg\u00e4rder inom, exempelvis Horisont programmet, som inriktas p\u00e5 KEC-plattformar (Knowledge Exchange and Collaboration) f\u00f6r att utveckla och f\u00f6rb\u00e4ttra samspelet mellan f\u00f6retagens kompetensbehov, utbildningssektorn, forskning samt regionalpolitiska insatser. <\/p>\n\n\n\n<p><strong>Antaget vid Europaforum Norra Sverige den 4 maj 2022 <\/strong><\/p>\n\n\n\n<p>Glenn Nordlund (S) Ordf\u00f6rande EFNS Region V\u00e4sternorrland <\/p>\n\n\n\n<p>\u00c5sa \u00c5gren Wikstr\u00f6m (M) Vice ordf\u00f6rande EFNS Region V\u00e4sterbotten<\/p>\n\n\n\n<p>Jonny Lundin (C) Region V\u00e4sternorrland <\/p>\n\n\n\n<p>Erik L\u00f6vgren (S) Kommunf\u00f6rbundet V\u00e4sternorrland <\/p>\n\n\n\n<p>Rickard Carstedt (S) Region V\u00e4sterbotten <\/p>\n\n\n\n<p>Ann \u00c5str\u00f6m (S) Region V\u00e4sterbotten <\/p>\n\n\n\n<p>Nils-Olov Lindfors (C) Region Norrbotten <\/p>\n\n\n\n<p>Britta Flinkfeldt (S) Norrbottens Kommuner <\/p>\n\n\n\n<p>Anders Josefsson (M) Norrbottens Kommuner <\/p>\n\n\n\n<p>Elise Ryder Wik\u00e9n (M) Region J\u00e4mtland H\u00e4rjedalen <\/p>\n\n\n\n<p>Robert Uitto (S) Region J\u00e4mtland H\u00e4rjedalen <\/p>\n\n\n\n<p>Jonas Andersson (S) Kommunerna i J\u00e4mtlands l\u00e4n <\/p>\n\n\n\n<p>Daniel Danielsson (C) Kommunerna i J\u00e4mtlands l\u00e4n<\/p>\n\n\n\n<p><\/p>\n\n\n\n<p><a href=\"http:\/\/www.europaforum.nu\/wp-content\/uploads\/2023\/03\/efns-position-insatser-for-att-framja-gron-och-digital-omstallning-i-norra-sverige-2022-05-0430.pdf\">Europaforum Norra Sveriges synpunkter p\u00e5 Insatser f\u00f6r att fr\u00e4mja Gr\u00f6n och Digital omst\u00e4llning i Norra Sverige<\/a><\/p>\n","protected":false},"excerpt":{"rendered":"<p>Europaforum Norra Sverige (EFNS) \u00e4r ett n\u00e4tverk f\u00f6r politiker p\u00e5 lokal och regional niv\u00e5 fr\u00e5n Norrbotten, V\u00e4sterbotten, J\u00e4mtland H\u00e4rjedalen och V\u00e4sternorrland. EFNS \u00e4r en m\u00f6tesplats och kunskapsarena d\u00e4r EU:s politik [&hellip;]<\/p>\n","protected":false},"author":1,"featured_media":40029,"comment_status":"closed","ping_status":"closed","sticky":false,"template":"","format":"standard","meta":{"_et_pb_use_builder":"off","_et_pb_old_content":"","_et_gb_content_width":"1080","footnotes":""},"categories":[13,16],"tags":[],"class_list":["post-39673","post","type-post","status-publish","format-standard","has-post-thumbnail","hentry","category-naringsliv","category-svenska"],"_links":{"self":[{"href":"https:\/\/europaforum.nu\/index.php?rest_route=\/wp\/v2\/posts\/39673","targetHints":{"allow":["GET"]}}],"collection":[{"href":"https:\/\/europaforum.nu\/index.php?rest_route=\/wp\/v2\/posts"}],"about":[{"href":"https:\/\/europaforum.nu\/index.php?rest_route=\/wp\/v2\/types\/post"}],"author":[{"embeddable":true,"href":"https:\/\/europaforum.nu\/index.php?rest_route=\/wp\/v2\/users\/1"}],"replies":[{"embeddable":true,"href":"https:\/\/europaforum.nu\/index.php?rest_route=%2Fwp%2Fv2%2Fcomments&post=39673"}],"version-history":[{"count":4,"href":"https:\/\/europaforum.nu\/index.php?rest_route=\/wp\/v2\/posts\/39673\/revisions"}],"predecessor-version":[{"id":40325,"href":"https:\/\/europaforum.nu\/index.php?rest_route=\/wp\/v2\/posts\/39673\/revisions\/40325"}],"wp:featuredmedia":[{"embeddable":true,"href":"https:\/\/europaforum.nu\/index.php?rest_route=\/wp\/v2\/media\/40029"}],"wp:attachment":[{"href":"https:\/\/europaforum.nu\/index.php?rest_route=%2Fwp%2Fv2%2Fmedia&parent=39673"}],"wp:term":[{"taxonomy":"category","embeddable":true,"href":"https:\/\/europaforum.nu\/index.php?rest_route=%2Fwp%2Fv2%2Fcategories&post=39673"},{"taxonomy":"post_tag","embeddable":true,"href":"https:\/\/europaforum.nu\/index.php?rest_route=%2Fwp%2Fv2%2Ftags&post=39673"}],"curies":[{"name":"wp","href":"https:\/\/api.w.org\/{rel}","templated":true}]}}