{"id":39758,"date":"2021-03-09T13:41:00","date_gmt":"2021-03-09T12:41:00","guid":{"rendered":"http:\/\/utv.europaforum.nu\/?p=39758"},"modified":"2023-06-07T07:37:48","modified_gmt":"2023-06-07T06:37:48","slug":"europaforum-norra-sveriges-synpunkter-pa-esf","status":"publish","type":"post","link":"https:\/\/europaforum.nu\/?p=39758","title":{"rendered":"Europaforum Norra Sveriges synpunkter p\u00e5 ESF+"},"content":{"rendered":"\n<p>Europaforum Norra Sverige (EFNS) \u00e4r ett n\u00e4tverk f\u00f6r politiker p\u00e5 lokal och regional niv\u00e5 fr\u00e5n Norrbotten, V\u00e4sterbotten, J\u00e4mtland H\u00e4rjedalen och V\u00e4sternorrland. EFNS \u00e4r en m\u00f6tesplats och kunskapsarena d\u00e4r EU:s politik analyseras och diskuteras i de avseenden d\u00e4r den ber\u00f6r norra Sverige. EFNS bevakar Europafr\u00e5gor f\u00f6r att p\u00e5verka EU:s lagstiftning, EU:s strategier och handlingsprogram samt EU:s budget. Syftet med EFNS \u00e4r att tillvara ta norra Sveriges intressen b\u00e5de p\u00e5 den europeiska arenan och i f\u00f6rh\u00e5llanden till den nationella niv\u00e5n i fr\u00e5gor med ett tydligt europeiskt perspektiv. <\/p>\n\n\n\n<p>Europaforum norra Sverige vill med anledning av p\u00e5g\u00e5ende f\u00f6rberedelser av nationellt program f\u00f6r ESF+ 2021-2027 delge erfarenheter och synpunkter inf\u00f6r kommande programperiod: <\/p>\n\n\n\n<p>\u2022 Norra Sverige vill se mer regionalt fokus p\u00e5 organisation, system och struktur av ESF+ <\/p>\n\n\n\n<p>\u2022 Expansiv industrialisering och tillv\u00e4xt kr\u00e4ver mer innovativ kompetensf\u00f6rs\u00f6rjning <\/p>\n\n\n\n<p>\u2022 Snabba f\u00f6r\u00e4ndringar p\u00e5 arbetsmarknaden kr\u00e4ver sm\u00e5skaliga och flexibla insatser f\u00f6r omst\u00e4llning <\/p>\n\n\n\n<p>\u2022 S\u00e4rskilda behov i glesa milj\u00f6er kr\u00e4ver m\u00f6jligheter till mer kapacitetsst\u00e4rkande projekt <\/p>\n\n\n\n<p>\u2022 B\u00e4ttre fondsamverkan kr\u00e4ver framf\u00f6rh\u00e5llning, regional f\u00f6rankring och samordning <\/p>\n\n\n\n<p>Norra Sverige har s\u00e4rskilda utmaningar som g\u00f6r regionerna s\u00e5rbara, s\u00e5som stora avst\u00e5nd, en gles och \u00e5ldrande befolkning, liten kritisk massa, kallt klimat, samt en konjunkturk\u00e4nslig och naturresursbaserad ekonomi. Samtidigt levererar regionerna stora merv\u00e4rden, inte minst r\u00e5varor till hela Europa. Det finns betydande utmaningar med sm\u00e5 r\u00e5varuberoende ekonomier med en liten hemmamarknad och s\u00e4mre tillg\u00e5ng till externt kapital och kompetensf\u00f6rs\u00f6rjning p\u00e5 grund av f\u00e5 m\u00e4nniskor och l\u00e5nga avst\u00e5nd. Men med r\u00e4tt utformad politik och anpassade investeringsmedel f\u00f6r st\u00f6rre kapacitet och b\u00e4ttre kompetensf\u00f6rs\u00f6rjning, besitter de nordliga regionerna stor potential f\u00f6r l\u00e5ngsiktigt h\u00e5llbar tillv\u00e4xt. Regionernas f\u00f6rm\u00e5ga till omst\u00e4llning av koldioxidintensiva industrier till en klimatneutral ekonomi kommer att vara avg\u00f6rande f\u00f6r att b\u00e5de n\u00e5 EU:s m\u00e5l om klimatneutralitet och de globala klimatm\u00e5len till 2030. <\/p>\n\n\n\n<p>Norra Sverige vill se fler regionala insatser f\u00f6r strukturomvandling <\/p>\n\n\n\n<p>Sverige framf\u00f6r ofta vikten av att EU:s medel ska bidra till att skapa europeiska merv\u00e4rden och inte ers\u00e4tta nationella \u00e5taganden, utan snarare komplettera och samspela med regional och nationell politik i det som ger nytta f\u00f6r hela EU. EU:s olika investeringsfonder \u00e4r s\u00e5dana instrument, som genom att bidra till regional utveckling och samverkan kring europeiska v\u00e4rdekedjor via olika plattformar p\u00e5 EU-niv\u00e5, st\u00e4rker regionernas m\u00f6jlighet att delta p\u00e5 den gemensamma inre marknaden p\u00e5 mer lika villkor. L\u00e5ngsiktiga investeringar och satsningar f\u00f6r strukturomvandling som skapar global konkurrenskraft f\u00f6r hela EU. De mest framg\u00e5ngsrika exemplen p\u00e5 lyckade insatser har alla gemensamt att de anpassats lokalt och regionalt. Regionalt \u00e4garskap och lokalk\u00e4nnedom \u00e4r viktiga framg\u00e5ngsfaktorer som b\u00f6r vara v\u00e4gledande i utformningen av samtliga fonder. Europeiska socialfonden (ESF+) \u00e4r ett mycket viktigt verktyg f\u00f6r syssels\u00e4ttning och kompetensf\u00f6rs\u00f6rjning i norra Sverige. EFNS anser att fonden beh\u00f6ver anpassas till regionala program och utvecklingsstrategier f\u00f6r ett b\u00e4ttre genomf\u00f6rande, n\u00e5got som tyv\u00e4rr inte h\u00f6rsammats fr\u00e5n nationell niv\u00e5. Det blir d\u00e4rf\u00f6r extra viktigt att framtagandet av regionala handlingsplaner genomsyras av regionalt inflytande. <\/p>\n\n\n\n<p>ESF+ beh\u00f6ver ett tydligare fokus p\u00e5 att koppla samman individ, organisation och struktur p\u00e5 regional niv\u00e5 i sina projekt. I f\u00f6rslaget till nationellt program f\u00f6r ESF+ 2021-2027 kan organisation, system och strukturer utvecklas utan krav p\u00e5 enskilda arbetsmarknadsinsatser f\u00f6r individer, men det till\u00e5ts endast ske i begr\u00e4nsad omfattning och d\u00e4r det \u00e4r s\u00e4rskilt motiverat. Samtidigt betonas ocks\u00e5 behovet av att f\u00f6rst\u00e4rka och utveckla metoder och modeller f\u00f6r det livsl\u00e5nga l\u00e4randet. EFNS anser att det \u00e4r alldeles f\u00f6r blygsamma steg i r\u00e4tt riktning. Regional kunskap och erfarenheter fr\u00e5n nuvarande programperiod visar en h\u00f6g efterfr\u00e5gan p\u00e5 projekt i syfte att \u00e4ndra organisation, system och strukturer, vilket kr\u00e4ver en stor andel avsatta medel. Satsningar p\u00e5 st\u00f6dstrukturer och l\u00e5ngsiktig strategisk kompetensf\u00f6rs\u00f6rjning b\u00f6r kunna ske med hj\u00e4lp av ESF+ f\u00f6r att exempelvis kunna skapa plattformar f\u00f6r validering och utbildning med utg\u00e5ngspunkt fr\u00e5n regionala utvecklingsstrategier. Men d\u00e5 kr\u00e4vs det i h\u00f6gre grad samspel med alla parter och utifr\u00e5n regionala strategier f\u00f6r kompetensutvecklingsbehov som en del av det l\u00e5ngsiktiga arbetet med h\u00e5llbar regional utveckling. <\/p>\n\n\n\n<p><strong>Expansiv industrialisering och tillv\u00e4xt kr\u00e4ver mer innovativ kompetensf\u00f6rs\u00f6rjning <\/strong><\/p>\n\n\n\n<p>Norra Sverige st\u00e5r inf\u00f6r stora strukturella f\u00f6r\u00e4ndringar d\u00e5 n\u00e4rmare 1 000 miljarder SEK kommer att investeras i olika storskaliga industriprojekt i norra Sverige under de kommande 20 \u00e5ren, vilket g\u00f6r norra Sverige till en av EU:s mest intressanta och expansiva tillv\u00e4xtzoner f\u00f6r att realisera den gr\u00f6na given. Det \u00e4r framf\u00f6rallt den gr\u00f6na omst\u00e4llningen med satsningar p\u00e5 teknikutveckling och \u00f6kad h\u00e5llbarhet inom industrins v\u00e4rdekedjor som skapar och p\u00e5skyndar investeringarna. <\/p>\n\n\n\n<p>LKAB investerar upp till 400 miljarder f\u00f6r att st\u00e4lla om till fossilfri produktion, vilket g\u00f6r det till den st\u00f6rsta investeringen i svensk industri n\u00e5gonsin och ber\u00e4knas skapa 2 000 \u2013 3 000 \u00e5rsarbetstillf\u00e4llen under de kommande 20 \u00e5ren. Samtidigt sker ett flertal andra omfattande investeringar i regionerna, bland annat utbyggnaden av vindkraftsparken i Markbygden i Pite\u00e5 f\u00f6r 60 miljarder, Northvolts nya batterifabrik i Skellefte\u00e5 f\u00f6r 30 miljarder, SCA:s investering i v\u00e4rldens st\u00f6rsta kraftlinermaskin f\u00f6r 7,5 miljarder i Ume\u00e5, Komatsus nya fabrik i Ume\u00e5 f\u00f6r en miljard, samt byggandet av en ny logistikpark i Sundsvall f\u00f6r n\u00e4rmare en miljard. Parallellt med den industriella expansionen sker ocks\u00e5 ett flertal st\u00f6rre samh\u00e4llsbyggnads- och infrastrukturprojekt. Investeringar som v\u00e4ntas medf\u00f6ra ett kraftigt \u00f6kat kompetens- och arbetskraftsbehov. <\/p>\n\n\n\n<p>Exempelvis kommer Northvolt att beh\u00f6va omkring 3 000 personer fram till 2025 f\u00f6r batteriproduktion i Skellefte\u00e5, sedan tillkommer cirka ytterligare 1 500 \u2013 2 000 personer i underleverant\u00f6rsled. Behoven av arbetskraft i ett flertal branscher och offentlig sektor v\u00e4ntas ocks\u00e5 \u00f6ka kraftigt, men det \u00e4r i dagsl\u00e4get sv\u00e5rt att analysera hur stort kompetensbehovet faktiskt blir. Tillg\u00e4ngliga prognoser baseras p\u00e5 historiska data, vilka inte blir tillf\u00f6rlitliga i det h\u00e4r sammanhanget. Det \u00e4r ocks\u00e5 sv\u00e5rt att g\u00f6ra uppskattningar f\u00f6r jobbtillv\u00e4xten vid de st\u00f6rsta satsningarna och etableringarna av industri i svensk modern tid, och d\u00e4rmed saknas ocks\u00e5 svenska scenarion att j\u00e4mf\u00f6ra med. Etableringen av en motsvarande gigafabrik f\u00f6r tillverkning av litiumjonbatterier i Nevada, USA, som Northvolt nu bygger i Skellefte\u00e5, visar dock en multiplikator p\u00e5 1,5 \u2013 3 jobb per industrijobb. <\/p>\n\n\n\n<p>Bes\u00f6ksn\u00e4ringen i norra Sverige v\u00e4xer sig allt starkare och har st\u00f6rre betydelse f\u00f6r syssels\u00e4ttning och tillv\u00e4xt \u00e4n i m\u00e5nga andra regioner. Syssels\u00e4ttningen inom bes\u00f6ksn\u00e4ringen i norra Sverige har som exempel vuxit tre g\u00e5nger snabbare \u00e4n norra Sveriges \u00f6vriga arbetsmarknad de senaste tio \u00e5ren. St\u00f6rre investeringar och \u00f6kat internationellt samarbete har tillsammans med en tradition av sm\u00e5f\u00f6retagande och entrepren\u00f6rskap bidragit till att st\u00e4rka n\u00e4ringens attraktionskraft. Samtidigt har m\u00e5nga sm\u00e5f\u00f6retag i bes\u00f6ksn\u00e4ringen \u2013 vilka utg\u00f6r den st\u00f6rsta andelen av det totala antalet f\u00f6retag i n\u00e4ringen \u2013 behov av \u00f6kad generell kompetens kopplat till att driva och utveckla bes\u00f6ksn\u00e4ringen. En \u00f6kad l\u00f6nsamhet \u00e5ret om f\u00f6r f\u00f6retag inom bes\u00f6ksn\u00e4ringen skapar viktiga m\u00f6jligheter till syssels\u00e4ttning, attraktivitet och entrepren\u00f6rskap i norra Sverige. <\/p>\n\n\n\n<p>Tillv\u00e4xt i kombination med l\u00e5g arbetsl\u00f6shet och h\u00f6ga pensionsavg\u00e5ngar skapar enorma behov av en st\u00f6rre arbetskraft och \u00f6kad inflyttning. Det kommer att kr\u00e4va kompetensh\u00f6jande insatser f\u00f6r anst\u00e4llda b\u00e5de inom privat och offentlig sektor. Flera st\u00f6rre etableringar och en allt snabbare \u00f6verg\u00e5ng till ett elektrifierat och digitaliserat samh\u00e4lle kommer sannolikt inneb\u00e4ra snabba omst\u00e4llningar p\u00e5 arbetsmarknaden. Den regionala niv\u00e5n har kapacitet och kompetens att identifiera var behoven \u00e4r som st\u00f6rst och d\u00e4rmed vilka insatser som b\u00f6r prioriteras. <\/p>\n\n\n\n<p><strong>Norra Sveriges s\u00e4rskilda behov av platsanpassade insatser i glesa milj\u00f6er <\/strong><\/p>\n\n\n\n<p>Trots expansiv industrialisering \u00e4r de inomregionala skillnaderna stora och f\u00f6rv\u00e4ntas forts\u00e4tta \u00f6ka kraftigt p\u00e5 medell\u00e5ng sikt. Tiotusentals nya arbetstillf\u00e4llen inneb\u00e4r m\u00f6jligheter men ocks\u00e5 utmaningar. En \u00f6kad inflyttning till en kommun fr\u00e5n n\u00e4rliggande kommuner kan riskera att flytta underskott av arbetskraft fr\u00e5n en plats till en annan. F\u00f6r att klara kompetensf\u00f6rs\u00f6rjningen i norra Sverige kr\u00e4vs d\u00e4rf\u00f6r ett aktivt och innovativt arbete med att attrahera fler och beh\u00e5lla kompetens, samt \u00f6kad kapacitet och platsanpassade utbildningsformer. <\/p>\n\n\n\n<p>I flera delar av norra Sverige utg\u00f6rs en betydande del av n\u00e4ringslivsstrukturen av mikroeller sm\u00e5f\u00f6retag, d\u00e4r m\u00e5nga riskerar konkurs i tider av stora f\u00f6r\u00e4ndringar p\u00e5 arbetsmarknaden. Behovet av anpassade mer sm\u00e5skaliga insatser f\u00f6r att klara omst\u00e4llningen \u00f6kar d\u00e4rmed. Kompetensbehoven varierar kraftigt och f\u00f6r\u00e4ndras snabbt, s\u00e4rskilt inom bes\u00f6ksn\u00e4ringen och andra sektorer som drabbats h\u00e5rt under pandemin. Sammantaget st\u00e4ller f\u00f6r\u00e4ndringarna stora krav p\u00e5 v\u00e4l fungerande och tillg\u00e4ngliga former f\u00f6r snabb och flexibel omst\u00e4llning samt tillg\u00e5ng till ett brett utbildningsutbud. <\/p>\n\n\n\n<p>EFNS anser att EU:s olika politikomr\u00e5den f\u00f6r utveckling och tillv\u00e4xt med tillh\u00f6rande investeringsinstrument m\u00e5ste baseras p\u00e5 och kunna anpassas till varje regions unika sammanhang och f\u00f6ruts\u00e4ttningar. Framg\u00e5ngsrik lokal och regional utveckling av ekonomi, samh\u00e4lle och milj\u00f6 kr\u00e4ver platsbaserad politik, tv\u00e4rsektoriell samordning och flerniv\u00e5styre f\u00f6r att kunna ta sig an platsspecifika utmaningar och m\u00f6jligheter. EU:s program b\u00f6r d\u00e4rf\u00f6r vara mer platsbaserade, eller territoriella, f\u00f6r att vara mer effektiva. I de nordliga glesbefolkade omr\u00e5dena med stora avst\u00e5nd och demografiska utmaningar \u00e4r behovet av en holistisk och platsbaserad politik f\u00f6r regional utveckling och en v\u00e4l fungerande arbetsmarknadspolitik extra tydligt. <\/p>\n\n\n\n<p>I norra Sverige finns flera utmaningar som kan kopplas till gleshet och stora avst\u00e5nd. Arbetsmarknaderna blir ofta sm\u00e5 och isolerade, vilket i sin tur inneb\u00e4r en sv\u00e5righet att genomf\u00f6ra ekonomiskt effektiva insatser. Systemet f\u00f6r en fungerande arbetsmarknad \u00e4r inte anpassat f\u00f6r mindre kommuner i norra Sverige med en stor andel och stort antal sm\u00e5 f\u00f6retag, trots att behoven av arbetskraft och kompetensf\u00f6rs\u00f6rjning ofta \u00e4r lika stora som i mer t\u00e4tbefolkade omr\u00e5den. Detta yttrar sig bland annat i regelverk f\u00f6r utvecklingsprojekt som kr\u00e4ver st\u00f6rre kritisk massa och kapacitet \u00e4n vad mindre kommuner kan leverera. N\u00e4r det dessutom i h\u00f6g utstr\u00e4ckning saknas en marknad av utf\u00f6rare och l\u00e4mpliga akt\u00f6rer med tillr\u00e4cklig analys- och genomf\u00f6randekapacitet, blir de mindre kommunernas m\u00f6jligheter att driva strategiska utvecklingsfr\u00e5gor kraftigt begr\u00e4nsade. <\/p>\n\n\n\n<p>Sm\u00e5- eller mikrof\u00f6retag i glesa milj\u00f6er upplever ofta medverkan i projekt som administrativt kr\u00e5ngligt. Begr\u00e4nsad institutionell kapacitet bland kommuner samt f\u00f6retagens begr\u00e4nsade m\u00f6jligheter att delta \u00e4r f\u00f6rsv\u00e5rande faktorer och strukturella utmaningar som kr\u00e4ver mer fokus p\u00e5 innovativa arbetss\u00e4tt som \u00e4r s\u00e4rskilt anpassade till sm\u00e5skaliga sammanhang. Insatser kan inte f\u00f6rv\u00e4ntas bidra till resultat i form av stora volymer och insatserna blir i regel mer kostsamma j\u00e4mf\u00f6rt med projekt som bedrivs i t\u00e4tbefolkade regioner. <\/p>\n\n\n\n<p>Norra Sveriges v\u00e4lkomnar f\u00f6rslaget till eget programomr\u00e5de Norra Sveriges s\u00e4rskilda tilldelning av strukturfondsmedel f\u00f6r att hantera de sv\u00e5ra strukturella utmaningar som gleshet medf\u00f6r, samt m\u00f6jligheten att kunna arbeta mer med kapacitetsst\u00e4rkande insatser inom ett eget programomr\u00e5de under den kommande programperioden, \u00e4r b\u00e5de ett viktigt erk\u00e4nnande fr\u00e5n nationell niv\u00e5 och EU-niv\u00e5 men blir framf\u00f6r allt ett strategiskt viktigt verktyg som ger betydligt mer flexibilitet \u00e4n under innevarande programperiod. Den \u00f6kade flexibilitet f\u00f6r olika m\u00e5lgrupper att delta i flera programomr\u00e5den i kombination med \u00f6kade m\u00f6jligheter \u00e4ven p\u00e5 organisations- och strukturniv\u00e5, inneb\u00e4r \u00e4ven en betydande f\u00f6rb\u00e4ttring j\u00e4mf\u00f6rt med innevarande programperiod, och ger regioner och lokala akt\u00f6rer b\u00e4ttre f\u00f6ruts\u00e4ttningar att anpassa insatser utifr\u00e5n faktiska behov och m\u00f6jligheter. <\/p>\n\n\n\n<p>Samtidigt som de s\u00e4rskilda behoven i de nordliga glesbefolkade omr\u00e5dena st\u00f6ttas med \u00f6ronm\u00e4rkta medel, blir det dock kontraproduktivt att kraven p\u00e5 medfinansiering h\u00f6js fr\u00e5n 50 procent till 60 procent f\u00f6r hela den svenska programgeografin. Det \u00f6kade kravet p\u00e5 medfinansiering begr\u00e4nsar kraftigt antalet akt\u00f6rer som har kapacitet och resurser f\u00f6r att medverka i programmets insatser f\u00f6r norra Sverige. F\u00f6r att kunna fullf\u00f6lja viktiga satsningar i norra Sverige och s\u00e4kra kompetensf\u00f6rs\u00f6rjningen beh\u00f6ver det tioprocentiga bortfallet av EU-finansiering kompenseras till motsvarande niv\u00e5er inom ramen f\u00f6r nationella anslag f\u00f6r regional tillv\u00e4xt eller genom liknande satsningar. <\/p>\n\n\n\n<p><strong>Norra Sverige vill se b\u00e4ttre m\u00f6jligheter till fondsamordning <\/strong><\/p>\n\n\n\n<p>EFNS vill se b\u00e4ttre m\u00f6jligheter till fondsamverkan d\u00e5 det kan skapa synergier och st\u00e4rka arbetet med regional utveckling. Det regionala utvecklingsarbetet hanterar komplexa fr\u00e5gor som sp\u00e4nner \u00f6ver en rad omr\u00e5den vilka s\u00e4llan ryms inom ramen f\u00f6r en enskild projektsatsning. Det handlar om att orkestrera olika insatser f\u00f6r att \u00f6ver tid kunna f\u00f6r\u00e4ndra strukturer eller n\u00e5 strategiska m\u00e5l. F\u00f6r detta kr\u00e4vs oftast en palett av insatser av olika karakt\u00e4r, som inneb\u00e4r finansiering fr\u00e5n olika fonder. Fondsamverkan \u00e4r ett s\u00e4tt att bejaka detta och bidrar ocks\u00e5 till b\u00e4ttre och mer h\u00e5llbara resultat, samt ett effektivare nyttjande av utvecklingsmedel. Tyv\u00e4rr tar inte Sverige vara p\u00e5 m\u00f6jligheten till reell fondsamordning i sitt f\u00f6rslag till partnerskaps\u00f6verenskommelsen som skulle kunna ligga till grund f\u00f6r b\u00e4ttre samverkan och synergier. <\/p>\n\n\n\n<p>EFNS anser att det beh\u00f6ver tydligg\u00f6ras i tidig dialog med regionerna vilka typer av insatser som kommer att vara m\u00f6jliga att genomf\u00f6ra inom respektive fond. I f\u00f6rslagen erbjuds exempelvis insatser av kompetensutvecklande karakt\u00e4r ut\u00f6ver ESF+ \u00e4ven inom Europeiska regionala utvecklingsfonden (ERUF) och Fonden f\u00f6r r\u00e4ttvis omst\u00e4llning (FRO). F\u00f6r att fondsamverkan ska fungera i praktiken beh\u00f6ver det tydligg\u00f6ras hur de olika fonderna kompletterar och skiljer sig fr\u00e5n varandra och hur synergier kan m\u00f6jligg\u00f6ras. En fungerande fondsamverkan f\u00f6ruts\u00e4tter framf\u00f6rh\u00e5llning, en regional f\u00f6rankring och samordnade utlysningar tillsammans med f\u00f6rvaltande myndigheter. Detta skulle skapa goda f\u00f6ruts\u00e4ttningar f\u00f6r parallella projekt eller s\u00e5 kallade p\u00e4rlbandsprojekt, som bygger vidare p\u00e5 projektresultat f\u00f6r att l\u00e5ngsiktigt kunna f\u00f6r\u00e4ndra strukturer. <\/p>\n\n\n\n<p><strong>Antaget vid Europaforum Norra Sverige 16 februari 2021 <\/strong><\/p>\n\n\n\n<p>Glenn Nordlund (S) Ordf\u00f6rande EFNS Region V\u00e4sternorrland <\/p>\n\n\n\n<p>\u00c5sa \u00c5gren Wikstr\u00f6m (M) Vice ordf\u00f6rande EFNS Region V\u00e4sterbotten<\/p>\n\n\n\n<p>Jonny Lundin (C) Region V\u00e4sternorrland <\/p>\n\n\n\n<p>Erik L\u00f6vgren (S) Kommunf\u00f6rbundet V\u00e4sternorrland <\/p>\n\n\n\n<p>Rickard Carstedt (S) Region V\u00e4sterbotten <\/p>\n\n\n\n<p>Ann \u00c5str\u00f6m (S) Region V\u00e4sterbotten <\/p>\n\n\n\n<p>Nils-Olov Lindfors (C) Region Norrbotten <\/p>\n\n\n\n<p>Britta Flinkfeldt (S) Norrbottens Kommuner <\/p>\n\n\n\n<p>Anders Josefsson (M) Norrbottens Kommuner <\/p>\n\n\n\n<p>Elise Ryder Wik\u00e9n (M) Region J\u00e4mtland H\u00e4rjedalen <\/p>\n\n\n\n<p>Robert Uitto (S) Region J\u00e4mtland H\u00e4rjedalen <\/p>\n\n\n\n<p>Jonas Andersson (S) Kommunerna i J\u00e4mtlands l\u00e4n <\/p>\n\n\n\n<p>Daniel Danielsson (C) Kommunerna i J\u00e4mtlands l\u00e4n<\/p>\n\n\n\n<p><\/p>\n\n\n\n<p><a href=\"http:\/\/www.europaforum.nu\/wp-content\/uploads\/2023\/03\/efns-synpunkter-pa-esf-antagen-2021-02-16.pdf\">Europaforum Norra Sveriges synpunkter p\u00e5 ESF+<\/a><\/p>\n","protected":false},"excerpt":{"rendered":"<p>Europaforum Norra Sverige (EFNS) \u00e4r ett n\u00e4tverk f\u00f6r politiker p\u00e5 lokal och regional niv\u00e5 fr\u00e5n Norrbotten, V\u00e4sterbotten, J\u00e4mtland H\u00e4rjedalen och V\u00e4sternorrland. EFNS \u00e4r en m\u00f6tesplats och kunskapsarena d\u00e4r EU:s politik [&hellip;]<\/p>\n","protected":false},"author":1,"featured_media":0,"comment_status":"closed","ping_status":"closed","sticky":false,"template":"","format":"standard","meta":{"_et_pb_use_builder":"off","_et_pb_old_content":"","_et_gb_content_width":"1080","footnotes":""},"categories":[14,16],"tags":[],"class_list":["post-39758","post","type-post","status-publish","format-standard","hentry","category-sammanhallningspolitik","category-svenska"],"_links":{"self":[{"href":"https:\/\/europaforum.nu\/index.php?rest_route=\/wp\/v2\/posts\/39758","targetHints":{"allow":["GET"]}}],"collection":[{"href":"https:\/\/europaforum.nu\/index.php?rest_route=\/wp\/v2\/posts"}],"about":[{"href":"https:\/\/europaforum.nu\/index.php?rest_route=\/wp\/v2\/types\/post"}],"author":[{"embeddable":true,"href":"https:\/\/europaforum.nu\/index.php?rest_route=\/wp\/v2\/users\/1"}],"replies":[{"embeddable":true,"href":"https:\/\/europaforum.nu\/index.php?rest_route=%2Fwp%2Fv2%2Fcomments&post=39758"}],"version-history":[{"count":4,"href":"https:\/\/europaforum.nu\/index.php?rest_route=\/wp\/v2\/posts\/39758\/revisions"}],"predecessor-version":[{"id":40336,"href":"https:\/\/europaforum.nu\/index.php?rest_route=\/wp\/v2\/posts\/39758\/revisions\/40336"}],"wp:attachment":[{"href":"https:\/\/europaforum.nu\/index.php?rest_route=%2Fwp%2Fv2%2Fmedia&parent=39758"}],"wp:term":[{"taxonomy":"category","embeddable":true,"href":"https:\/\/europaforum.nu\/index.php?rest_route=%2Fwp%2Fv2%2Fcategories&post=39758"},{"taxonomy":"post_tag","embeddable":true,"href":"https:\/\/europaforum.nu\/index.php?rest_route=%2Fwp%2Fv2%2Ftags&post=39758"}],"curies":[{"name":"wp","href":"https:\/\/api.w.org\/{rel}","templated":true}]}}