{"id":40308,"date":"2023-05-30T13:20:57","date_gmt":"2023-05-30T12:20:57","guid":{"rendered":"http:\/\/europaforum.nu\/?p=40308"},"modified":"2023-05-30T13:25:09","modified_gmt":"2023-05-30T12:25:09","slug":"gemensamma-spelregler-maste-galla-pa-marknaden-for-kolkrediter","status":"publish","type":"post","link":"https:\/\/europaforum.nu\/?p=40308","title":{"rendered":"Gemensamma spelregler p\u00e5 marknaden f\u00f6r kolkrediter"},"content":{"rendered":"\n<p><strong>N\u00e4r nya aff\u00e4rsmodeller utvecklas och marknaden \u00e4r ung \u00e4r det viktigt med gemensamma regler f\u00f6r alla involverade parter. D\u00e4rf\u00f6r v\u00e4lkomnar Europaforum Norra Sverige EU-kommissionens f\u00f6rslag om ett certifieringssystem f\u00f6r koldioxidupptag som ska se till att gemensamma spelregler g\u00e4ller p\u00e5 marknaden f\u00f6r kolkrediter. D\u00e4remot beh\u00f6vs en analys av f\u00f6rslagets konsekvenser f\u00f6r skogs- och jordbruksn\u00e4ringen, tr\u00e4byggnader borde inkluderas i certifieringen och medlemsl\u00e4nderna m\u00e5ste f\u00e5 mer inflytande i genomf\u00f6randeprocessen, menar EFNS.\u00a0\u00a0<\/strong><\/p>\n\n\n\n<p>En marknad f\u00f6r klimatkompensation genom kolupptagskrediter h\u00e5ller p\u00e5 att v\u00e4xa fram. D\u00e4r erbjuds f\u00f6retag och organisationer som inte kan vara klimatneutrala k\u00f6pa s\u00e5 kallade kolkrediter f\u00f6r att klimatkompensera.&nbsp;&nbsp;<\/p>\n\n\n\n<p>F\u00f6r att se till att gemensamma spelregler g\u00e4ller p\u00e5 denna marknad f\u00f6r kolkrediter presenterade EU-kommissionen i november 2022 ett f\u00f6rslag till ett EU-ramverk f\u00f6r certifiering av upptag av koldioxid fr\u00e5n atmosf\u00e4ren inom EU. F\u00f6rutom att s\u00e4kerst\u00e4lla att koldioxidupptagen bidrar till verklig klimatnytta vill EU-kommissionen genom f\u00f6rslaget uppmuntra jordbrukare, skogsbrukare och industrier att anv\u00e4nda innovativa l\u00f6sningar f\u00f6r att avskilja, \u00e5tervinna och lagra koldioxid.&nbsp;<\/p>\n\n\n\n<p>Det \u00e4r bra att det utvecklas en med enhetlig ram p\u00e5 europeisk niv\u00e5 f\u00f6r koldioxidupptag i och med att marknaden f\u00f6r kolkrediter \u00e4r s\u00e5 pass ny, menar Europaforum Norra Sverige (ENFS) som v\u00e4lkomnar f\u00f6rslaget. Gemensamma regler f\u00f6r alla involverade fr\u00e4mjar b\u00e5de marknadens stabilitet och framv\u00e4xande.&nbsp;&nbsp;<\/p>\n\n\n\n<p>Men en analys beh\u00f6vs f\u00f6r att bed\u00f6ma eventuella effekter p\u00e5 skogsbruk och jordbruk till f\u00f6ljd av f\u00f6rslaget. Finns det en risk f\u00f6r l\u00e4gre produktion av v\u00e4sentliga r\u00e5varor som livsmedel och tr\u00e4? I s\u00e5 fall beh\u00f6ver vi veta mer om hur det kan p\u00e5verka tillg\u00e5ngen p\u00e5 s\u00e5dana v\u00e4sentliga r\u00e5varor p\u00e5 b\u00e5de kort och l\u00e5ng sikt, s\u00e4rskilt med avseende p\u00e5 s\u00e4kerhet och beredskap.&nbsp;<\/p>\n\n\n\n<p>EFNS vill se att EU:s certifiering skapar incitament f\u00f6r l\u00e5ngsiktig koldioxidlagring. D\u00e4rf\u00f6r b\u00f6r det nya regelverket \u00e4ven inkludera kolinlagring i tr\u00e4byggnader som \u00e4r l\u00e5nglivade konstruktioner. Kols\u00e4nkor i tr\u00e4byggnader betydligt mer tillf\u00f6rlitliga p\u00e5 l\u00e5ng sikt \u00e4n kols\u00e4nkor i st\u00e5ende skogar som uts\u00e4tts f\u00f6r risker som stormskador, sn\u00f6brott, r\u00f6ta, skogsbr\u00e4nder och insektsangrepp.&nbsp;<\/p>\n\n\n\n<p>Slutligen uppmanar n\u00e4tverket att ett EU-ramverk f\u00f6r koldioxidupptag bygger p\u00e5 frivilligt deltagande f\u00f6r alla parter p\u00e5 marknaden. Likav\u00e4l att medlemsl\u00e4nderna m\u00e5ste f\u00e5 beh\u00e5lla nationellt inflytande \u00f6ver genomf\u00f6randet genom gemensamma EU-kriterier, snarare \u00e4n ett centralt EU-baserat \u00f6vervakningssystem.&nbsp;&nbsp;<\/p>\n\n\n\n<p>L\u00e4s positionen i sin helhet h\u00e4r:<\/p>\n\n\n\n<p><a href=\"https:\/\/europaforum.nu\/wp-content\/uploads\/2023\/05\/Europaforum-Norra-Sveriges-synpunkter-pa-EU-kommissionens-forslag-om-en-ram-for-certifiering-av-avskiljning-av-koldioxid.pdf\" data-type=\"URL\" data-id=\"https:\/\/europaforum.nu\/wp-content\/uploads\/2023\/05\/Europaforum-Norra-Sveriges-synpunkter-pa-EU-kommissionens-forslag-om-en-ram-for-certifiering-av-avskiljning-av-koldioxid.pdf\" target=\"_blank\" rel=\"noreferrer noopener\">Europaforum Norra Sveriges synpunkter p\u00e5 EU-kommissionens f\u00f6rslag om en ram f\u00f6r certifiering av avskiljning av koldioxid<\/a><\/p>\n","protected":false},"excerpt":{"rendered":"<p>N\u00e4r nya aff\u00e4rsmodeller utvecklas och marknaden \u00e4r ung \u00e4r det viktigt med gemensamma regler f\u00f6r alla involverade parter. D\u00e4rf\u00f6r v\u00e4lkomnar Europaforum Norra Sverige EU-kommissionens f\u00f6rslag om ett certifieringssystem f\u00f6r koldioxidupptag [&hellip;]<\/p>\n","protected":false},"author":9,"featured_media":40275,"comment_status":"open","ping_status":"open","sticky":false,"template":"","format":"standard","meta":{"_et_pb_use_builder":"off","_et_pb_old_content":"","_et_gb_content_width":"","footnotes":""},"categories":[1],"tags":[],"class_list":["post-40308","post","type-post","status-publish","format-standard","has-post-thumbnail","hentry","category-nyheter"],"_links":{"self":[{"href":"https:\/\/europaforum.nu\/index.php?rest_route=\/wp\/v2\/posts\/40308","targetHints":{"allow":["GET"]}}],"collection":[{"href":"https:\/\/europaforum.nu\/index.php?rest_route=\/wp\/v2\/posts"}],"about":[{"href":"https:\/\/europaforum.nu\/index.php?rest_route=\/wp\/v2\/types\/post"}],"author":[{"embeddable":true,"href":"https:\/\/europaforum.nu\/index.php?rest_route=\/wp\/v2\/users\/9"}],"replies":[{"embeddable":true,"href":"https:\/\/europaforum.nu\/index.php?rest_route=%2Fwp%2Fv2%2Fcomments&post=40308"}],"version-history":[{"count":3,"href":"https:\/\/europaforum.nu\/index.php?rest_route=\/wp\/v2\/posts\/40308\/revisions"}],"predecessor-version":[{"id":40312,"href":"https:\/\/europaforum.nu\/index.php?rest_route=\/wp\/v2\/posts\/40308\/revisions\/40312"}],"wp:featuredmedia":[{"embeddable":true,"href":"https:\/\/europaforum.nu\/index.php?rest_route=\/wp\/v2\/media\/40275"}],"wp:attachment":[{"href":"https:\/\/europaforum.nu\/index.php?rest_route=%2Fwp%2Fv2%2Fmedia&parent=40308"}],"wp:term":[{"taxonomy":"category","embeddable":true,"href":"https:\/\/europaforum.nu\/index.php?rest_route=%2Fwp%2Fv2%2Fcategories&post=40308"},{"taxonomy":"post_tag","embeddable":true,"href":"https:\/\/europaforum.nu\/index.php?rest_route=%2Fwp%2Fv2%2Ftags&post=40308"}],"curies":[{"name":"wp","href":"https:\/\/api.w.org\/{rel}","templated":true}]}}