{"id":40612,"date":"2023-05-06T12:09:00","date_gmt":"2023-05-06T11:09:00","guid":{"rendered":"http:\/\/europaforum.nu\/?p=40612"},"modified":"2023-11-06T12:25:48","modified_gmt":"2023-11-06T11:25:48","slug":"stort-engagemang-och-fullspackat-program-under-europaforum-2023-i-umea","status":"publish","type":"post","link":"https:\/\/europaforum.nu\/?p=40612","title":{"rendered":"Stort engagemang och fullsp\u00e4ckat program under Europaforum 2023 i Ume\u00e5"},"content":{"rendered":"\n<p><strong>Norra Sveriges gr\u00f6na omst\u00e4llning \u2013 hur lockar vi fler? Hur skapar man samh\u00e4llen som kan locka kompetens att stanna och flytta till regionen f\u00f6r att hantera de gr\u00f6na investeringarna? Det var temat n\u00e4r Europaforum Norra Sveriges (EFNS) forum 2023 h\u00f6lls den 4\u20135 maj. Drygt 200 deltagare samlades p\u00e5 Folkets Hus i Ume\u00e5 f\u00f6r att diskutera utmaningar och potentialer f\u00f6r den gr\u00f6na omst\u00e4llningen i norra Sverige \u2013 vad regionen har att erbjuda EU och vad EU i sin tur har att erbjuda f\u00f6r att m\u00f6ta dessa utmaningar. P\u00e5 plats var beslutsfattare och h\u00f6gre tj\u00e4nstepersoner fr\u00e5n EU och nationell niv\u00e5 i dialog med regionala och lokala politiker fr\u00e5n norra Sverige och andra viktiga akt\u00f6rer f\u00f6r samh\u00e4llsomvandlingen i norr.<\/strong><\/p>\n\n\n\n<p>Varje \u00e5r arrangerar Europaforum Norra Sverige ett stort forum med syfte att bjuda in beslutsfattare och h\u00f6gre tj\u00e4nstepersoner fr\u00e5n EU och nationell niv\u00e5 till dialog med regionala och lokala politiker och andra viktiga samh\u00e4llsakt\u00f6rer fr\u00e5n norra Sverige. North Sweden fungerar som EFNS:s l\u00e4nk till EU och h\u00f6ll i ett flertal av sessionerna.\u00a0<\/p>\n\n\n\n<p>Temat f\u00f6r Europaforum 2023 var Norra Sveriges gr\u00f6na omst\u00e4llning \u2013 hur lockar vi fler? Ledande fr\u00e5gest\u00e4llningar var vad EU:s roll kan vara f\u00f6r att st\u00f6tta attraktiva samh\u00e4llen, kompetensf\u00f6rs\u00f6rjning och en h\u00e5llbar utveckling i norra Sverige samt hur kan politiken, n\u00e4ringslivet, universiteten och EU b\u00e4ttre kan hj\u00e4lpas \u00e5t f\u00f6r att hantera utmaningar och b\u00e4ttre tillvarata norra Sveriges m\u00f6jligheter till h\u00e5llbar utveckling.&nbsp;<\/p>\n\n\n\n<p>Forumet \u00f6ppnades av av Jonas Andersson (S), regionala utvecklingsn\u00e4mndens ordf\u00f6rande i Region J\u00e4mtland H\u00e4rjedalen och nyvald ordf\u00f6rande f\u00f6r EFNS, samt \u00c5sa \u00c5gren Wikstr\u00f6m (M), 1:e vice ordf\u00f6rande i regionala utvecklingsn\u00e4mnden i Region V\u00e4sterbotten och vice ordf\u00f6rande f\u00f6r EFNS. I inledningstalet po\u00e4ngterade de att nyckeln till att f\u00e5 geh\u00f6r p\u00e5 EU-arenan \u00e4r att f\u00f6ra fram norra Sveriges perspektiv med en enad r\u00f6st \u2013 vilket n\u00e4tverket har gjort i \u00f6ver 20 \u00e5r, med en unik samverkan \u00f6ver b\u00e5de l\u00e4ns- och partigr\u00e4nser.\u00a0<\/p>\n\n\n\n<figure class=\"wp-block-image size-large\"><img loading=\"lazy\" decoding=\"async\" width=\"1024\" height=\"683\" src=\"https:\/\/europaforum.nu\/wp-content\/uploads\/2023\/11\/52872639133_6e59a85151_5k-1-1024x683.jpg\" alt=\"\" class=\"wp-image-40613\" srcset=\"https:\/\/europaforum.nu\/wp-content\/uploads\/2023\/11\/52872639133_6e59a85151_5k-1-980x653.jpg 980w, https:\/\/europaforum.nu\/wp-content\/uploads\/2023\/11\/52872639133_6e59a85151_5k-1-480x320.jpg 480w\" sizes=\"(min-width: 0px) and (max-width: 480px) 480px, (min-width: 481px) and (max-width: 980px) 980px, (min-width: 981px) 1024px, 100vw\" \/><\/figure>\n\n\n\n<p><em>\u00c5sa \u00c5gren Wikstr\u00f6m (M), vice ordf\u00f6rande f\u00f6r EFNS agerade v\u00e4rd f\u00f6r Europaforum 2023.<\/em><\/p>\n\n\n\n<h3 class=\"wp-block-heading\">Universiteten roll som motor f\u00f6r \u00f6kat engagemang i EU och regional utveckling<\/h3>\n\n\n\n<p>I ett panelsamtal med P\u00e4r Weihed, Prolektor Lule\u00e5 Tekniska Universitet, Dieter Muller, Vicerektor Ume\u00e5 Universitet och Magnus Hallberg, Divisionschef Research Institutes of Sweden (RISE) diskuterades universitetens och institutens roll som motor f\u00f6r \u00f6kat engagemang i EU och regional utveckling. Niklas Johanson, North Sweden modererade samtalet.&nbsp;<\/p>\n\n\n\n<p>En enad panel identifierade en \u00f6kad samverkan l\u00e4ros\u00e4tena emellan med geografisk n\u00e4rhet som en viktig nyckel med fokus p\u00e5 flera omr\u00e5den. Bland annat genom gemensamma projekt kan man \u00f6ka sin finansiering fr\u00e5n EU och d\u00e4rmed f\u00e5 mer resurser. Genom samverkan kan ocks\u00e5 en ny arena f\u00f6r kunskap byggas med \u00f6kad involvering av n\u00e4ringslivet och det offentliga, vilket bildar starka attraktiva utbildningskluster som attraherar m\u00e4nniskor till utbildning vilket bidrar till regional utveckling. F\u00f6r att lyckas med kompetensf\u00f6rs\u00f6rjningen och m\u00f6ta framtidens behov har l\u00e4ros\u00e4tena en viktig roll att spela och det finns fler potentialer att utforska. Exempelvis hur utbildningar kan utformas i n\u00e4ra samverkan med n\u00e4ringslivet och det offentliga som motsvarar behovet av kompetens.&nbsp;<\/p>\n\n\n\n<p>Jonas Andersson, ordf\u00f6rande EFNS deltog ocks\u00e5 i samtalet och avslutade med att konstatera:<\/p>\n\n\n\n<p>\u00a0\u2013 Vi kommer att fr\u00e5n Europaforum Norra Sverige ta fram en position med synpunkter g\u00e4llande EU:s insatser f\u00f6r kompetensf\u00f6rs\u00f6rjning. Positionen handlar om att kroka arm som partner med EU vid utformning av initiativ p\u00e5 ett tidigt stadium.<\/p>\n\n\n\n<figure class=\"wp-block-image size-large is-resized\"><img loading=\"lazy\" decoding=\"async\" width=\"1024\" height=\"682\" src=\"https:\/\/europaforum.nu\/wp-content\/uploads\/2023\/11\/52870827938_e78b852a5b_3k-1-1024x682.jpg\" alt=\"\" class=\"wp-image-40614\" style=\"aspect-ratio:1.501466275659824;width:823px;height:auto\" srcset=\"https:\/\/europaforum.nu\/wp-content\/uploads\/2023\/11\/52870827938_e78b852a5b_3k-1-980x652.jpg 980w, https:\/\/europaforum.nu\/wp-content\/uploads\/2023\/11\/52870827938_e78b852a5b_3k-1-480x320.jpg 480w\" sizes=\"(min-width: 0px) and (max-width: 480px) 480px, (min-width: 481px) and (max-width: 980px) 980px, (min-width: 981px) 1024px, 100vw\" \/><\/figure>\n\n\n\n<p><em>Niklas Johansson modererade ett samtal med P\u00e4r Weihed, Prolektor Lule\u00e5 Tekniska Universitet, Dieter Muller, Vicerektor Ume\u00e5 Universitet, Magnus Hallberg, Divisionschef RISE och Jonas Andersson, ordf\u00f6rande EFNS.<\/em><\/p>\n\n\n\n<h3 class=\"wp-block-heading\">EU:s roll f\u00f6r att st\u00f6tta attraktiva samh\u00e4llen, kompetensf\u00f6rs\u00f6rjning och en h\u00e5llbar utveckling i norra Sverige<\/h3>\n\n\n\n<p>Under eftermiddagen dag ett l\u00e5g fokus p\u00e5 den s\u00e5 kallade sammanh\u00e5llningspoltiken, EU:s regionalpolitik, och dess betydelse f\u00f6r att skapa h\u00e5llbar regional utveckling i regioner som norra Sverige med s\u00e4rskilda strukturella utmaningar s\u00e5som brist p\u00e5 kritisk massa, gles befolkning och l\u00e5nga avst\u00e5nd. Mikael Janson, direkt\u00f6r p\u00e5 North Sweden European Office, modererade samtalet och b\u00f6rjade med att ber\u00e4tta att&nbsp;knappt har den nuvarande programperioden 2021\u20132027 s\u00e5 har debatten om ramarna f\u00f6r n\u00e4sta programperiod 2028\u20132035 b\u00f6rjat.&nbsp;Norra Sveriges regioner f\u00e5r i dagsl\u00e4get ett extra gleshetsst\u00f6d f\u00f6r att \u00f6verbygga sina s\u00e4rskilda utmaningar, som varit avg\u00f6rande f\u00f6r den utvecklingen som nu sker i regionen. Men det finns inga garantier f\u00f6r att de regionala territoriella behoven och anpassningarna f\u00f6r norra Sverige kommer att forts\u00e4tta finnas i EU:s sammanh\u00e5llningspolitik om inte EU f\u00e5r bra argument f\u00f6r detta, f\u00f6rklarade Mikael Janson.&nbsp;<\/p>\n\n\n\n<p>Huvudtalaren S\u0142awomir Tokarski, direkt\u00f6r f\u00f6r territoriellt utbyte och implementering vid EU-kommissionens generaldirektorat f\u00f6r regional- och stadspolitik (DG REGIO) uppmanade d\u00e4rf\u00f6r deltagarna p\u00e5 forumet att nu se till att komma med inspel om vad som har funkat och vad som inte har funkat inom sammanh\u00e5llninspolitiken f\u00f6r norra Sveriges regioner.&nbsp;<\/p>\n\n\n\n<p>\u2013 Redan 2025 kommer vi fr\u00e5n EU-kommissionens sida l\u00e4gga fram f\u00f6rsta f\u00f6rslagen f\u00f6r n\u00e4sta programperiod. Kanske att vi beh\u00f6ver reflektera om sammanh\u00e5llningspoltiken verkligen passar regioner som era med specifika f\u00f6ruts\u00e4ttningar. Jag ser fram emot att h\u00f6ra era inspel under Europaforum 2023.\u00a0<\/p>\n\n\n\n<figure class=\"wp-block-image size-large is-resized\"><img loading=\"lazy\" decoding=\"async\" width=\"1024\" height=\"682\" src=\"https:\/\/europaforum.nu\/wp-content\/uploads\/2023\/11\/52869820197_bcbcab6636_3k-1-1024x682.jpg\" alt=\"\" class=\"wp-image-40615\" style=\"aspect-ratio:1.501466275659824;width:823px;height:auto\" srcset=\"https:\/\/europaforum.nu\/wp-content\/uploads\/2023\/11\/52869820197_bcbcab6636_3k-1-980x652.jpg 980w, https:\/\/europaforum.nu\/wp-content\/uploads\/2023\/11\/52869820197_bcbcab6636_3k-1-480x320.jpg 480w\" sizes=\"(min-width: 0px) and (max-width: 480px) 480px, (min-width: 481px) and (max-width: 980px) 980px, (min-width: 981px) 1024px, 100vw\" \/><\/figure>\n\n\n\n<p><em>Keynote fr\u00e5n S\u0142awomir Tokarski, direkt\u00f6r f\u00f6r territoriellt utbyte och implementering vid EU-kommissionens generaldirektorat f\u00f6r regional- och stadspolitik (DG REGIO)<\/em>.<\/p>\n\n\n\n<p>Patrik S\u00e4llstr\u00f6m, regionchef p\u00e5 Tillv\u00e4xtverket, pratade S\u00e4llstr\u00f6m pratade om regionalpolitikens betydelse f\u00f6r regionernas kapacitetsbyggande, inte minst i och med den p\u00e5g\u00e5ende gr\u00f6na omst\u00e4llningen i norra Sverige.&nbsp;<\/p>\n\n\n\n<p>\u2013 Norra Sverige har tagit en ledande roll i EU:s gr\u00f6na omst\u00e4llningen. Kompetensf\u00f6rs\u00f6rjningen \u00e4r den st\u00f6rsta utmaningen men ocks\u00e5 nyckeln till dess framg\u00e5ng. D\u00e4r beh\u00f6ver nationella myndigheter g\u00f6ra mer.&nbsp;<\/p>\n\n\n\n<p>Ioannis Vardakastanis, medlem i Europeiska Ekonomiska och Sociala Kommitt\u00e9n (EESK) ber\u00e4ttade om den rapport som EESK h\u00e5ller p\u00e5 att ta fram om utmaningar och m\u00f6jligheter i regioner med s\u00e4rskilda f\u00f6ruts\u00e4ttningar, d\u00e4ribland glesbefolkade omr\u00e5den.<\/p>\n\n\n\n<p>\u2013 Det beh\u00f6vs en positiv diskriminering i sammanh\u00e5llningspolitiken f\u00f6r att regionersom era ska kunna f\u00f6rvandla utmaningar till m\u00f6jligheter och f\u00f6r att det ska blir en r\u00e4ttvis omst\u00e4llning f\u00f6r alla Europas regioner, argumenterade Vardakastanis.&nbsp;<\/p>\n\n\n\n<p>Vardakastanis uppmanade deltagarna p\u00e5 Europaforum att komma med inspel fr\u00e5n de nordliga glesbefolkade regionen d\u00e5 rapporten kommer att anv\u00e4ndas fr\u00e5n EESK:s sida i debatten om framtidens sammanh\u00e5llningspolitik.&nbsp;<\/p>\n\n\n\n<p>Huvudtalarna satt d\u00e4refter i en panel tillsammans med Tomas M\u00f6rtsell, ordf\u00f6rande f\u00f6r CPMR:s \u00d6stersj\u00f6kommission, Jonas Andersson, ordf\u00f6rande EFNS, Ann \u00c5str\u00f6m, rapport\u00f6r EFNS, P\u00e4ivi Ekdahl, ordf\u00f6rande f\u00f6r Northern Sparsely Populated Areas n\u00e4tverket (NSPA) samt Sabrina Suikki, samordnare f\u00f6r internationella aff\u00e4rer, Norrbottens Handelskammare. Paneldeltagarna fick komma med inspel fr\u00e5n sina respektive perspektiv om vilka utmaningar som de ser f\u00f6r att frig\u00f6ra utvecklingspotentialen och vilken roll de ser att EU kan eller skulle kunna spela f\u00f6r att hj\u00e4lpa till med detta.&nbsp;<\/p>\n\n\n\n<p>En utmaning som samtliga paneldeltagare lyfte fram var behovet av fler m\u00e4nniskor och kompetens som f\u00f6r tillf\u00e4llet utg\u00f6r en flaskhals f\u00f6r den gr\u00f6na utvecklingen i norra Sverige. D\u00e4r kan EU ha en viktig roll att spela i att attrahera den arbetskraft och kompetens som beh\u00f6vs men mer st\u00f6d beh\u00f6vs ocks\u00e5 fr\u00e5n nationell niv\u00e5.\u00a0N\u00e5gra av huvudbudskapen fr\u00e5n panelen var att sammanh\u00e5llningspolitiken och det extra gleshetsst\u00f6det \u00e4r avg\u00f6rande f\u00f6r norra Sveriges fortsatta h\u00e5llbara utveckling. En annan po\u00e4ng som gjordes \u00e4r att det\u00a0inte bara handlar om en gr\u00f6n industriomst\u00e4llning utan en hel samh\u00e4llsomst\u00e4llning\u00a0som sker i norra Sverige vilket s\u00e4tter enorm press p\u00e5 regionerna och kommunerna s\u00e5v\u00e4l som f\u00f6retagen. D\u00e4r beh\u00f6vs mer lokalt anpassat st\u00f6d till f\u00f6r att de ska m\u00e4kta med omst\u00e4llningen fr\u00e5n s\u00e5v\u00e4l EU som fr\u00e5n nationell niv\u00e5 \u2013 \u201cone size does not fit all\u201d n\u00e4r det g\u00e4ller sammanh\u00e5llningspoltiken i de nordliga regionerna.\u00a0<\/p>\n\n\n\n<figure class=\"wp-block-image size-large is-resized\"><img loading=\"lazy\" decoding=\"async\" width=\"1024\" height=\"682\" src=\"https:\/\/europaforum.nu\/wp-content\/uploads\/2023\/11\/52870714069_56fd6a55cf_3k-1-1024x682.jpg\" alt=\"\" class=\"wp-image-40616\" style=\"aspect-ratio:1.501466275659824;width:823px;height:auto\" srcset=\"https:\/\/europaforum.nu\/wp-content\/uploads\/2023\/11\/52870714069_56fd6a55cf_3k-1-980x652.jpg 980w, https:\/\/europaforum.nu\/wp-content\/uploads\/2023\/11\/52870714069_56fd6a55cf_3k-1-480x320.jpg 480w\" sizes=\"(min-width: 0px) and (max-width: 480px) 480px, (min-width: 481px) and (max-width: 980px) 980px, (min-width: 981px) 1024px, 100vw\" \/><\/figure>\n\n\n\n<p><em>Panel om EU:s roll f\u00f6r regiones h\u00e5llbara utveckling med Tomas M\u00f6rtsell, ordf\u00f6rande f\u00f6r CPMR:s \u00d6stersj\u00f6kommission, Jonas Andersson, ordf\u00f6rande EFNS, Ann \u00c5str\u00f6m, rapport\u00f6r EFNS, P\u00e4ivi Ekdahl, ordf\u00f6rande f\u00f6r NSPA samt Sabrina Suikki, Norrbottens Handelskammare, Patrik S\u00e4llstr\u00f6m, Tillv\u00e4xtverket och Ioannis Vardakastanis, medlem i EESK. Lett av Mikael Janson, North Sweden.<\/em><\/p>\n\n\n\n<h3 class=\"wp-block-heading\">Hur politiken, n\u00e4ringslivet, universiteten och EU kan hj\u00e4lpas \u00e5t f\u00f6r att hantera utmaningar och b\u00e4ttre tillvarata norra Sveriges m\u00f6jligheter till h\u00e5llbar utveckling?<\/h3>\n\n\n\n<p>Fr\u00e5n n\u00e4ringslivet var Markus Gustafsson, Grundare av plattformen MindDig \u2013 plattformen f\u00f6r talangattraktion i norra Sverige p\u00e5 plats f\u00f6r att bidra med perspektiv p\u00e5 vad n\u00e4ringslivet kan g\u00f6ra f\u00f6r att hantera utmaningar och b\u00e4ttre tillvarata norra Sveriges m\u00f6jligheter till h\u00e5llbar utveckling och vad n\u00e4ringslivet i sin tur beh\u00f6ver.&nbsp;<\/p>\n\n\n\n<p>Efter presentationen f\u00f6ljde ett panelsamtal d\u00e4r Markus Gustafsson tillsammans med Erik Bergkvist (S), europaparlamentariker, Elise Ryder Wik\u00e9n (M), rapport\u00f6r EFNS f\u00f6r J\u00e4mtland H\u00e4rjedalen, Ulrika Hammarstr\u00f6m (S), rapport\u00f6r EFNS f\u00f6r Norrbottens Kommuner, Dieter M\u00fcller, Vicerektor vid Ume\u00e5 universitet, Sabrina Suikki, Samordnare f\u00f6r internationella aff\u00e4rer p\u00e5 Norrbottens Handelskammare diskuterades det hur politiken, n\u00e4ringslivet, universiteten och EU gemensamt kan g\u00f6ra f\u00f6r att hantera utmaningar och d\u00e4rmed b\u00e4ttre tillvarata norra Sveriges m\u00f6jligheter till en h\u00e5llbar utveckling.&nbsp;<\/p>\n\n\n\n<p>Viktiga budskap fr\u00e5n panelen var att f\u00f6r att b\u00e4ttre l\u00f6sa utmaningarna vi st\u00e5r inf\u00f6r kopplat till den gr\u00f6na omst\u00e4llningen s\u00e5 m\u00e5ste ett st\u00f6rre ansvar lyftas till nationell niv\u00e5. Kommunerna, regionerna och n\u00e4ringslivet ska inte beh\u00f6va st\u00e5 ensamma med att hantera den enorma samh\u00e4llsomvandling som just nu sker. En samh\u00e4llsomvandling som \u00e4r \u00e4ven avg\u00f6rande f\u00f6r hela Sverige och EU:s framtid. Ett annat medskick var att \u00e4ven om samverkan \u00f6ver geografiska och sektoriella gr\u00e4nser \u00e4r stark i norra Sverige s\u00e5 kr\u00e4vs \u00e4nnu mer om den gr\u00f6na omst\u00e4llningen ska lyckas. Slutligen betonades vikten av\u00a0EU:s st\u00f6d och investeringar f\u00f6r att skapa attraktiva samh\u00e4llen.\u00a0<\/p>\n\n\n\n<figure class=\"wp-block-image size-large is-resized\"><img loading=\"lazy\" decoding=\"async\" width=\"1024\" height=\"683\" src=\"https:\/\/europaforum.nu\/wp-content\/uploads\/2023\/11\/52872637978_1f8d39d300_6k-2-1024x683.jpg\" alt=\"\" class=\"wp-image-40617\" style=\"aspect-ratio:1.499267935578331;width:823px;height:auto\" srcset=\"https:\/\/europaforum.nu\/wp-content\/uploads\/2023\/11\/52872637978_1f8d39d300_6k-2-980x653.jpg 980w, https:\/\/europaforum.nu\/wp-content\/uploads\/2023\/11\/52872637978_1f8d39d300_6k-2-480x320.jpg 480w\" sizes=\"(min-width: 0px) and (max-width: 480px) 480px, (min-width: 481px) and (max-width: 980px) 980px, (min-width: 981px) 1024px, 100vw\" \/><\/figure>\n\n\n\n<p><em>Panelsamtal med Markus Gustafsson, MindDig, Erik Bergkvist (S), Elise Ryder Wik\u00e9n (M), Ulrika Hammarstr\u00f6m (S), Dieter M\u00fcller, Ume\u00e5 universitet, Sabrina Suikki, Norrbottens Handelskammare om hur politiken, n\u00e4ringslivet, universiteten och EU gemensamt kan g\u00f6ra f\u00f6r att hantera utmaningar och d\u00e4rmed b\u00e4ttre tillvarata norra Sveriges m\u00f6jligheter till en h\u00e5llbar utveckling.<\/em><\/p>\n\n\n\n<h3 class=\"wp-block-heading\">EU:s politik f\u00f6r markanv\u00e4ndning och bioekonomi \u2013 h\u00e4nger den ihop?&nbsp;<\/h3>\n\n\n\n<p>Under passet om markanv\u00e4ndning och bioekonomi gjordes en djupdykning i vad kommande EU-lagar som styr bioekonomiska sektorer som skog och jordbruk betyder f\u00f6r norra Sverige, d\u00e4ribland avskogningsf\u00f6rordningen, f\u00f6rnybarhetsdirektivet (REDIII) och certifiering av koldioxidupptag. Moderatorn Carina Christiansen, projektledare inom bioekonomi p\u00e5 North Sweden European Office b\u00f6rjade med en kort inflygning kring den lagstiftning som \u00e4r aktuell. Genom fr\u00e5gor och samtal med paneldeltagarna tydliggjordes panelens syn p\u00e5 lagstiftningen, vad den inneb\u00e4r och hur p\u00e5verkansarbetet i Bryssel och \u00e4ven p\u00e5 nationell niv\u00e5 bedrivs.<\/p>\n\n\n\n<p>Lantbrukarnas riksf\u00f6rbund (LRF:s) naturv\u00e5rdsexpert Gunnar Lind\u00e9n po\u00e4ngterade att det har varit ganska tyst i media om lagf\u00f6rslagen.<\/p>\n\n\n\n<p>\u2013 M\u00e5nga skogs\u00e4gare \u00e4r oroliga och bekymrade inf\u00f6r framtiden och det \u00e4r cirka 1\u20132 miljoner hektar som kan drabbas. Det r\u00e5der ocks\u00e5 betydande skillnader i Europa kring hur man brukar skogen och hur man ser p\u00e5 skogsbruk generellt, sa Gunnar Lind\u00e9n.<\/p>\n\n\n\n<p>Till exempel n\u00e4r det g\u00e4ller f\u00f6rordningen om restaurering av natur s\u00e5 framkommer i det presenterade lagf\u00f6rslaget att termen \u00e5terst\u00e4llande kan betyda att v\u00e4l fungerande produktionsmark tas ur bruk f\u00f6r att skapa \u201dnatur\u201d, vilket skulle skapa negativa effekter f\u00f6r skogsbruk i Sverige.&nbsp;<\/p>\n\n\n\n<p>\u2013 I stora delar av Europa har man ett annat perspektiv p\u00e5 skogen och skogsbruket \u00e4n vad vi har i Sverige. Vi har m\u00e5nga sm\u00e5 och medelstora skogs\u00e4gare som verkligen \u00e4r aktiva och tar hand om sin skog medan bilden av skogsavverkning i Europa inte alltid \u00e4r lika positiv. Exempelvis s\u00e5 tar vi i Sverige hand om hela tr\u00e4det inklusive restprodukter och f\u00f6r\u00e4dlar b\u00e5de till produkter och energi, po\u00e4ngterade europaparlamentarikern Erik Bergkvist (S).<\/p>\n\n\n\n<p>Panelen fick fr\u00e5gan om skogsbruk verkligen borde vara en enhetlig EU-fr\u00e5ga. EU:s medlemsl\u00e4nder ser olika ut &#8211; \u00e4r det d\u00e5 rimligt att samma klimatpolitiska modell appliceras p\u00e5 hela EU?<\/p>\n\n\n\n<p>\u2013 Skogsfr\u00e5gan borde fortsatt vara en nationell kompetens och prioritet, det blir problematiskt att se hela EU:s skogsbruk som en helhet. Det finns flera krafter i omlopp f\u00f6r att p\u00e5verka och g\u00e5 \u00e5t det h\u00e5llet men det \u00e4r ett p\u00e5verkansarbete som beh\u00f6ver p\u00e5g\u00e5 \u00f6ver tid och kommer att kr\u00e4va uth\u00e5llighet, avslutade europaparlamentarikern Jessica Polfj\u00e4rd (M).\u00a0<\/p>\n\n\n\n<figure class=\"wp-block-image size-large is-resized\"><img loading=\"lazy\" decoding=\"async\" width=\"1024\" height=\"682\" src=\"https:\/\/europaforum.nu\/wp-content\/uploads\/2023\/11\/52870562194_1bdb507dff_3k-1-1024x682.jpg\" alt=\"\" class=\"wp-image-40618\" style=\"aspect-ratio:1.502200488997555;width:823px;height:auto\" srcset=\"https:\/\/europaforum.nu\/wp-content\/uploads\/2023\/11\/52870562194_1bdb507dff_3k-1-980x652.jpg 980w, https:\/\/europaforum.nu\/wp-content\/uploads\/2023\/11\/52870562194_1bdb507dff_3k-1-480x320.jpg 480w\" sizes=\"(min-width: 0px) and (max-width: 480px) 480px, (min-width: 481px) and (max-width: 980px) 980px, (min-width: 981px) 1024px, 100vw\" \/><\/figure>\n\n\n\n<p><em>Erik Bergkvist (S), europaparlamentariker och Gunnar Lind\u00e9n, LRF under seminariet om EU:s politik f\u00f6r markanv\u00e4ndning och bioekonomi. Europaparlamentarikern Jessica Polfj\u00e4rd (M) var med i panelen p\u00e5 l\u00e4nk och Carina Christiansen, North Sweden European Office modererade samtalet.<\/em><\/p>\n\n\n\n<h3 class=\"wp-block-heading\">Spaning bak\u00e5t och fram\u00e5t \u2013 vart \u00e4r Sverige och EU p\u00e5 v\u00e4g?<\/h3>\n\n\n\n<p>Anna Wetter Ryde, St\u00e4llf\u00f6retr\u00e4dande direkt\u00f6r f\u00f6r Sieps , gjorde en genomflygning \u00f6ver hur Sverige p\u00e5verkats av EU i tider av kriser och avslutade med att understryka att \u00e4ven om Sverige \u00e4r ett litet land i EU, s\u00e5 finns det stora m\u00f6jligheter att p\u00e5verka \u2013 om man \u00e4r ute i tid.<\/p>\n\n\n\n<p>Bernd Parusel, Forskare i statsvetenskap vid Sieps, gjorde ett svep \u00f6ver EU:s nya migrationspolitik som just nu f\u00f6rhandlas om i Bryssel. Han reflekterade \u00f6ver hur EU:s politik kan hj\u00e4lpa Sverige med kompetensf\u00f6rs\u00f6rjningen och ber\u00e4ttade om nya EU:s initiativ om talangpartnerskap och talangreserv som ska hj\u00e4lpa medlemsl\u00e4nder att attrahera och matcha talanger fr\u00e5n tredjel\u00e4nder. En p\u00e5g\u00e5ende diskussion i Bryssel om kommuner och regioner borde\u00a0 spela en st\u00f6rre roll i utformningen av EU:s migrationspolitik.<\/p>\n\n\n\n<figure class=\"wp-block-image size-large\"><img loading=\"lazy\" decoding=\"async\" width=\"1024\" height=\"683\" src=\"https:\/\/europaforum.nu\/wp-content\/uploads\/2023\/11\/52872582440_4cf975b0f7_5k-1-1024x683.jpg\" alt=\"\" class=\"wp-image-40619\" srcset=\"https:\/\/europaforum.nu\/wp-content\/uploads\/2023\/11\/52872582440_4cf975b0f7_5k-1-980x653.jpg 980w, https:\/\/europaforum.nu\/wp-content\/uploads\/2023\/11\/52872582440_4cf975b0f7_5k-1-480x320.jpg 480w\" sizes=\"(min-width: 0px) and (max-width: 480px) 480px, (min-width: 481px) and (max-width: 980px) 980px, (min-width: 981px) 1024px, 100vw\" \/><\/figure>\n\n\n\n<p><em>Spaning om var EU \u00e4r p\u00e5v\u00e4g fr\u00e5n Anna Wetter Ryde och Bernd Parusel, Sieps.<\/em><\/p>\n\n\n\n<h3 class=\"wp-block-heading\">V\u00e4lkommen till Europaforum 2024 i V\u00e4sternorrland<\/h3>\n\n\n\n<p>&nbsp;\u00c5sa \u00c5gren Wikstr\u00f6m (M), v\u00e4rd f\u00f6r Europaforum 2023, avrundade:<\/p>\n\n\n\n<p>\u2013 Vi \u00e4r inte m\u00e5nga i v\u00e5r region, men vi \u00e4r duktiga p\u00e5 att hitta varandra, samla v\u00e5r kompetens och skapa synergieffekter. Och framf\u00f6r allt att ge bilden av vad som h\u00e4nder och beh\u00f6vs i v\u00e5r region \u2013 f\u00f6r vilka g\u00f6r det b\u00e4ttre \u00e4n vi som bor och verkar h\u00e4r?<\/p>\n\n\n\n<p>Forumet avslutades med att stafettpinnen l\u00e4mnades \u00f6ver till Region V\u00e4sternorrland som kommer att vara v\u00e4rd f\u00f6r forumet \u00e5r 2024.\u00a0<\/p>\n\n\n\n<figure class=\"wp-block-image size-large is-resized\"><img loading=\"lazy\" decoding=\"async\" width=\"1024\" height=\"683\" src=\"https:\/\/europaforum.nu\/wp-content\/uploads\/2023\/11\/52872371344_0c98d5208b_5k-2-1024x683.jpg\" alt=\"\" class=\"wp-image-40620\" style=\"aspect-ratio:1.5001464986815118;width:823px;height:auto\" srcset=\"https:\/\/europaforum.nu\/wp-content\/uploads\/2023\/11\/52872371344_0c98d5208b_5k-2-980x653.jpg 980w, https:\/\/europaforum.nu\/wp-content\/uploads\/2023\/11\/52872371344_0c98d5208b_5k-2-480x320.jpg 480w\" sizes=\"(min-width: 0px) and (max-width: 480px) 480px, (min-width: 481px) and (max-width: 980px) 980px, (min-width: 981px) 1024px, 100vw\" \/><\/figure>\n\n\n\n<p><em>\u00c5sa \u00c5gren Wikstr\u00f6m (M) l\u00e4mnar \u00f6ver facklan f\u00f6r v\u00e4rdskapet fr\u00e5n V\u00e4sterbotten till V\u00e4sternorrland. Jonny Lundin (C) h\u00e4lsade v\u00e4lkommen till Europaforum 2024 i V\u00e4sternorrland.<\/em><\/p>\n\n\n\n<p>Tack till alla som kom och gjorde Europaforum 2023 en succ\u00e9. Ett s\u00e4rskilt tack till v\u00e5ra utst\u00e4llare fr\u00e5n North Sweden Green Deal, Ume\u00e5 kommun och Norrbotniabanan.&nbsp;<\/p>\n\n\n\n<p>\/ Europaforum Norra Sveriges kommunikat\u00f6rer<\/p>\n\n\n\n<p>L\u00e4s mer om&nbsp;den offentliga utfr\u00e5gningen om m\u00f6jligheterna och utmaningar i de nordliga glesbygdsomr\u00e5den som anordnades av Europeiska Ekonomiska Sociala Kommitt\u00e9n, Conference of Peripheral Maritime Regions (CPMR) och North Sweden European Office i anslutning till Europaforum 2023&nbsp;<a rel=\"noreferrer noopener\" href=\"https:\/\/www.northsweden.eu\/nyheter\/2023\/europeiska-ekonomiska-sociala-kommitten-i-umeaa-foer-att-laera-sig-mer-om-utmaningar-och-moejligheter-i-de-nordliga-glesbefolkade-omraadena\/\" target=\"_blank\">h\u00e4r.<\/a><\/p>\n","protected":false},"excerpt":{"rendered":"<p>Norra Sveriges gr\u00f6na omst\u00e4llning \u2013 hur lockar vi fler? Hur skapar man samh\u00e4llen som kan locka kompetens att stanna och flytta till regionen f\u00f6r att hantera de gr\u00f6na investeringarna? Det [&hellip;]<\/p>\n","protected":false},"author":9,"featured_media":40621,"comment_status":"open","ping_status":"open","sticky":false,"template":"","format":"standard","meta":{"_et_pb_use_builder":"off","_et_pb_old_content":"","_et_gb_content_width":"","footnotes":""},"categories":[1],"tags":[],"class_list":["post-40612","post","type-post","status-publish","format-standard","has-post-thumbnail","hentry","category-nyheter"],"_links":{"self":[{"href":"https:\/\/europaforum.nu\/index.php?rest_route=\/wp\/v2\/posts\/40612","targetHints":{"allow":["GET"]}}],"collection":[{"href":"https:\/\/europaforum.nu\/index.php?rest_route=\/wp\/v2\/posts"}],"about":[{"href":"https:\/\/europaforum.nu\/index.php?rest_route=\/wp\/v2\/types\/post"}],"author":[{"embeddable":true,"href":"https:\/\/europaforum.nu\/index.php?rest_route=\/wp\/v2\/users\/9"}],"replies":[{"embeddable":true,"href":"https:\/\/europaforum.nu\/index.php?rest_route=%2Fwp%2Fv2%2Fcomments&post=40612"}],"version-history":[{"count":1,"href":"https:\/\/europaforum.nu\/index.php?rest_route=\/wp\/v2\/posts\/40612\/revisions"}],"predecessor-version":[{"id":40622,"href":"https:\/\/europaforum.nu\/index.php?rest_route=\/wp\/v2\/posts\/40612\/revisions\/40622"}],"wp:featuredmedia":[{"embeddable":true,"href":"https:\/\/europaforum.nu\/index.php?rest_route=\/wp\/v2\/media\/40621"}],"wp:attachment":[{"href":"https:\/\/europaforum.nu\/index.php?rest_route=%2Fwp%2Fv2%2Fmedia&parent=40612"}],"wp:term":[{"taxonomy":"category","embeddable":true,"href":"https:\/\/europaforum.nu\/index.php?rest_route=%2Fwp%2Fv2%2Fcategories&post=40612"},{"taxonomy":"post_tag","embeddable":true,"href":"https:\/\/europaforum.nu\/index.php?rest_route=%2Fwp%2Fv2%2Ftags&post=40612"}],"curies":[{"name":"wp","href":"https:\/\/api.w.org\/{rel}","templated":true}]}}