{"id":40629,"date":"2023-11-09T16:38:28","date_gmt":"2023-11-09T15:38:28","guid":{"rendered":"http:\/\/europaforum.nu\/?p=40629"},"modified":"2023-11-23T11:02:10","modified_gmt":"2023-11-23T10:02:10","slug":"europaforum-norra-sveriges-deklaration-om-forvantningar-pa-eus-sammanhallningspolitik-efter-2027","status":"publish","type":"post","link":"https:\/\/europaforum.nu\/?p=40629","title":{"rendered":"Europaforum Norra Sveriges deklaration om f\u00f6rv\u00e4ntningar p\u00e5 EU:s sammanh\u00e5llningspolitik efter 2027\u00a0"},"content":{"rendered":"\n<p>&nbsp;<em>Europaforum Norra Sverige (EFNS) \u00e4r ett n\u00e4tverk f\u00f6r politiker p\u00e5 lokal och regional niv\u00e5 fr\u00e5n Norrbotten, V\u00e4sterbotten, J\u00e4mtland H\u00e4rjedalen och V\u00e4sternorrland. EFNS \u00e4r en m\u00f6tesplats och kunskapsarena d\u00e4r EU:s politik analyseras och diskuteras i de avseenden d\u00e4r den ber\u00f6r norra Sverige. EFNS bevakar Europafr\u00e5gor f\u00f6r att p\u00e5verka EU:s lagstiftning, EU:s strategier och handlingsprogram samt EU:s budget. Syftet med EFNS \u00e4r att tillvara ta norra Sveriges intressen b\u00e5de p\u00e5 den europeiska arenan och i f\u00f6rh\u00e5llanden till den nationella niv\u00e5n i fr\u00e5gor med ett tydligt europeiskt perspektiv.&nbsp;<\/em><\/p>\n\n\n\n<ul class=\"wp-block-list\">\n<li>EFNS VILL SE EN SAMMANH\u00c5LLNINGSPOLITIK F\u00d6R ALLA&nbsp;<\/li>\n<\/ul>\n\n\n\n<p>Vi vill se en sammanh\u00e5llningspolitik, efter 2027, som tydligg\u00f6r att det finns utvecklingspotential i hela unionen och en politisk vilja att frig\u00f6ra potentialen.&nbsp;<\/p>\n\n\n\n<p>De nordliga glesbefolkade omr\u00e5dena (NSPA) har unika s\u00e4rdrag vars motsvarigheter saknas i Europa och till h\u00f6gre grad liknar kanadensiska och australiensiska landsbygdsregioner. I norra Sverige \u00e4r v\u00e5ra samh\u00e4llen uppbyggda i ekosystem som p\u00e5 flera s\u00e4tt f\u00f6ljer annan logik \u00e4n den som g\u00e4ller f\u00f6r t\u00e4ta milj\u00f6er. F\u00f6r oss \u00e4r sammanh\u00e5llningspolitiken avg\u00f6rande f\u00f6r att; frig\u00f6ra utvecklingskapaciteten som kr\u00e4vs f\u00f6r att hantera v\u00e5ra ekonomiska, sociala och territoriella f\u00f6ruts\u00e4ttningar, samt bygga innovationsf\u00f6rm\u00e5ga f\u00f6r att tillvarata tillv\u00e4xtpotential och st\u00e4rka konkurrenskraft.&nbsp;<\/p>\n\n\n\n<ul class=\"wp-block-list\">\n<li><strong>EFNS VILL SE EN FORTSATT OCH F\u00d6RDJUPAD PLATSBASERAD POLITIK&nbsp;<\/strong><\/li>\n<\/ul>\n\n\n\n<p>Vi anser att sammanh\u00e5llningspolitiken \u00e4r en metod f\u00f6r att anpassa politik till varje plats unika f\u00f6ruts\u00e4ttningar, en metod som med stort merv\u00e4rde skulle kunna ligga tillgrund f\u00f6r fler av EU:s politikomr\u00e5den.&nbsp;<\/p>\n\n\n\n<p>Sammanh\u00e5llningspolitiken tillvaratar lokala och regionala f\u00f6ruts\u00e4ttningar och erfarenheter fr\u00e5n medborgare, offentliga organisationer, n\u00e4ringsliv, civilsamh\u00e4lle och akademi. Det inneb\u00e4r att insatser skr\u00e4ddarsys utifr\u00e5n platsers f\u00f6ruts\u00e4ttningar och behov p\u00e5 ett s\u00e4tt som ger alla m\u00f6jlighet att bidra i byggandet av ett konkurrenskraftigt EU.&nbsp;<\/p>\n\n\n\n<p>Vi anser att sammanh\u00e5llningspolitikens relevans, \u00e4ndam\u00e5lsenlighet och effektivitet skulle \u00f6ka med ytterligare territoriell anpassning.&nbsp;<\/p>\n\n\n\n<p>Politikens grund m\u00e5ste fortsatt vara att alla regioner \u00e4r unika, med olika ekonomiska, sociala och territoriella f\u00f6ruts\u00e4ttningar. V\u00e5ra regioner \u00e4r tydliga exempel p\u00e5 detta, NSPA k\u00e4nnetecknas av geografiskt stora enheter. \u00c4ven om de svenska programmen \u00e4r regionaliserade s\u00e5 \u00e4r regionerna, geografiskt sett, st\u00f6rre \u00e4n flera europeiska l\u00e4nder sammanslagna. Ytterligare territoriell anpassning skulle ge oss utrymme att hantera de omfattande inomregionala skillnader som finns vad g\u00e4ller f\u00f6ruts\u00e4ttningar och behov.&nbsp; &nbsp;<\/p>\n\n\n\n<ul class=\"wp-block-list\">\n<li>EFNS VILL SE EN L\u00c5NGSIKTIG POLITIK OCH EN GEMENSAM VISION&nbsp;<\/li>\n<\/ul>\n\n\n\n<p>Vi vill se en stabil och regionalt f\u00f6rankrad sammanh\u00e5llningspolitik som \u00e4r mer l\u00e5ngsiktigt \u00e4n en budgetcykel och som inte faller offer f\u00f6r kortsiktig krishantering.&nbsp;<\/p>\n\n\n\n<p>Strukturfonderna har \u00f6ver tid utgjort det viktigaste investeringsverktyget f\u00f6r norra Sveriges regionala tillv\u00e4xt och \u00f6kade syssels\u00e4ttning. Vi beh\u00f6ver en sammanh\u00e5llningspolitik som till\u00e5ter det l\u00e5ngsiktiga arbete som kr\u00e4vs f\u00f6r att frig\u00f6ra utvecklingskapacitet och bygga innovationsf\u00f6rm\u00e5ga. Av den anledningen vill vi se en l\u00e5ngsiktig strategi, likt Europa 2020, som pekar ut v\u00e4gen f\u00f6r ett sammanh\u00e5llet, digitalt och gr\u00f6nt Europa.&nbsp;<\/p>\n\n\n\n<ul class=\"wp-block-list\">\n<li>EFNS VILL SE EN STARKARE FLERNIV\u00c5SAMVERKAN&nbsp;<\/li>\n<\/ul>\n\n\n\n<p>Vi anser att EU:s <em>Partnerskapsprincip <\/em>ska vara den huvudsakliga utg\u00e5ngspunkten n\u00e4r politik och fonder formas.&nbsp;<\/p>\n\n\n\n<p>Sammanh\u00e5llningspolitiken, efter 2027, m\u00e5ste genomsyras av st\u00e4rkt flerniv\u00e5samverkan och av Partnerskapsprincipen. Relevans, \u00e4ndam\u00e5lsenlighet, effektivitet och det europeiska merv\u00e4rdet blir som st\u00f6rst n\u00e4r utformning sker i samverkan mellan organisationer fr\u00e5n olika politiska niv\u00e5er och \u00f6ver sektorer. Parterna beh\u00f6ver kontinuerligt genom hela cykeln bygga kunskap tillsammans och ha dialog g\u00e4llande: analys, planering, programskrivning, implementering, \u00f6vervakning, utv\u00e4rdering och l\u00e4rande. P\u00e5 s\u00e5 s\u00e4tt mobiliseras och koordineras, lokala, regionala, nationella och europeiska krafter.&nbsp;<\/p>\n\n\n\n<p><strong>Antaget vid Europaforum Norra Sverige 9 november 2023\u00a0<\/strong><\/p>\n\n\n\n<p>Hitta deklarationen i PDF-format h\u00e4r <a href=\"https:\/\/europaforum.nu\/wp-content\/uploads\/2023\/11\/Europaforum-Norra-Sveriges-deklaration-om-forvantningar-pa-EU-s-sammanhallningspolitik-efter-2027-2023-11-09.pdf\">Europaforum Norra Sveriges deklaration om f\u00f6rv\u00e4ntningar p\u00e5 EU:s sammanh\u00e5llningspolitik efter 2027\u00a0<\/a><\/p>\n\n\n\n<p><strong>Jonas Andersson <\/strong>(S) Region J\u00e4mtland H\u00e4rjedalen&nbsp;<\/p>\n\n\n\n<p><strong>Elise Ryder Wik\u00e9n <\/strong>(M) Region J\u00e4mtland H\u00e4rjedalen&nbsp;<\/p>\n\n\n\n<p><strong>Lars-Gunnar Nordlander <\/strong>(S) Kommunf\u00f6rbundet i J\u00e4mtland H\u00e4rjedalen&nbsp;<\/p>\n\n\n\n<p><strong>Daniel Danielsson <\/strong>(C) Kommunf\u00f6rbundet i J\u00e4mtland H\u00e4rjedalen&nbsp;<\/p>\n\n\n\n<p><strong>\u00c5sa \u00c5gren Wikstr\u00f6m <\/strong>(M) Region V\u00e4sterbotten&nbsp;<\/p>\n\n\n\n<p><strong>Rickard Carstedt <\/strong>(S) Region V\u00e4sterbotten&nbsp;<\/p>\n\n\n\n<p><strong>Ann \u00c5str\u00f6m <\/strong>(S) Region V\u00e4sterbotten&nbsp;<\/p>\n\n\n\n<p><strong>Anders \u00d6berg <\/strong>(S) Region Norrbotten&nbsp;<\/p>\n\n\n\n<p><strong>Isak Utsi <\/strong>(S) Norrbottens Kommuner&nbsp;<\/p>\n\n\n\n<p><strong>Ulrica Hammarstr\u00f6m <\/strong>(S) Norrbottens Kommuner&nbsp;<\/p>\n\n\n\n<p><strong>Mats Hellhoff <\/strong>(SD) Region V\u00e4sternorrland&nbsp;<\/p>\n\n\n\n<p><strong>Jonny Lundin <\/strong>(C) Region V\u00e4sternorrland&nbsp;<\/p>\n\n\n\n<p><strong>Erik L\u00f6vgren <\/strong>(S) Kommunf\u00f6rbundet V\u00e4sternorrland&nbsp;<\/p>\n","protected":false},"excerpt":{"rendered":"<p>&nbsp;Europaforum Norra Sverige (EFNS) \u00e4r ett n\u00e4tverk f\u00f6r politiker p\u00e5 lokal och regional niv\u00e5 fr\u00e5n Norrbotten, V\u00e4sterbotten, J\u00e4mtland H\u00e4rjedalen och V\u00e4sternorrland. EFNS \u00e4r en m\u00f6tesplats och kunskapsarena d\u00e4r EU:s politik [&hellip;]<\/p>\n","protected":false},"author":9,"featured_media":40661,"comment_status":"open","ping_status":"open","sticky":false,"template":"","format":"standard","meta":{"_et_pb_use_builder":"off","_et_pb_old_content":"","_et_gb_content_width":"","footnotes":""},"categories":[11,14,16],"tags":[],"class_list":["post-40629","post","type-post","status-publish","format-standard","has-post-thumbnail","hentry","category-positionsdokument","category-sammanhallningspolitik","category-svenska"],"_links":{"self":[{"href":"https:\/\/europaforum.nu\/index.php?rest_route=\/wp\/v2\/posts\/40629","targetHints":{"allow":["GET"]}}],"collection":[{"href":"https:\/\/europaforum.nu\/index.php?rest_route=\/wp\/v2\/posts"}],"about":[{"href":"https:\/\/europaforum.nu\/index.php?rest_route=\/wp\/v2\/types\/post"}],"author":[{"embeddable":true,"href":"https:\/\/europaforum.nu\/index.php?rest_route=\/wp\/v2\/users\/9"}],"replies":[{"embeddable":true,"href":"https:\/\/europaforum.nu\/index.php?rest_route=%2Fwp%2Fv2%2Fcomments&post=40629"}],"version-history":[{"count":1,"href":"https:\/\/europaforum.nu\/index.php?rest_route=\/wp\/v2\/posts\/40629\/revisions"}],"predecessor-version":[{"id":40631,"href":"https:\/\/europaforum.nu\/index.php?rest_route=\/wp\/v2\/posts\/40629\/revisions\/40631"}],"wp:featuredmedia":[{"embeddable":true,"href":"https:\/\/europaforum.nu\/index.php?rest_route=\/wp\/v2\/media\/40661"}],"wp:attachment":[{"href":"https:\/\/europaforum.nu\/index.php?rest_route=%2Fwp%2Fv2%2Fmedia&parent=40629"}],"wp:term":[{"taxonomy":"category","embeddable":true,"href":"https:\/\/europaforum.nu\/index.php?rest_route=%2Fwp%2Fv2%2Fcategories&post=40629"},{"taxonomy":"post_tag","embeddable":true,"href":"https:\/\/europaforum.nu\/index.php?rest_route=%2Fwp%2Fv2%2Ftags&post=40629"}],"curies":[{"name":"wp","href":"https:\/\/api.w.org\/{rel}","templated":true}]}}