{"id":40664,"date":"2023-12-07T10:21:46","date_gmt":"2023-12-07T09:21:46","guid":{"rendered":"http:\/\/europaforum.nu\/?p=40664"},"modified":"2023-12-07T10:21:48","modified_gmt":"2023-12-07T09:21:48","slug":"europaforum-norra-sverige-vill-se-mer-regionalt-och-lokalt-inflytande-lokal-anpassning-samt-langsiktighet-i-regionalstodet-fran-eu","status":"publish","type":"post","link":"https:\/\/europaforum.nu\/?p=40664","title":{"rendered":"Europaforum Norra Sverige vill se mer regionalt och lokalt inflytande, lokal anpassning samt l\u00e5ngsiktighet i regionalst\u00f6det fr\u00e5n EU"},"content":{"rendered":"\n<p><strong>Sammanh\u00e5llningspolitiken, EU:s regionalpolitik, har \u00f6ver tid utgjort det viktigaste investeringsverktyget f\u00f6r norra Sveriges regionala tillv\u00e4xt och \u00f6kade syssels\u00e4ttning. Men i tider av \u00e5terh\u00e4mtning fr\u00e5n Covid-19 pandemin, \u00f6kade geopolitiska sp\u00e4nningar, klimatkris, demografiska f\u00f6r\u00e4ndringar samt diskussioner om att bli fler medlemsl\u00e4nder i EU har framtiden f\u00f6r sammanh\u00e5llningspolitiken satts under stark press.<\/strong><\/p>\n\n\n\n<p>Den 9 november antog Europaforum Norra Sverige, ett n\u00e4tverk f\u00f6r politiker p\u00e5 lokal och regional niv\u00e5 fr\u00e5n de fyra nordligaste l\u00e4nen, en deklaration med n\u00e4tverkets f\u00f6rv\u00e4ntningar p\u00e5 sammanh\u00e5llningspolitiken efter 2027.<\/p>\n\n\n\n<p>\u2013 Sammanh\u00e5llningspolitiken \u00e4r viktigt f\u00f6r hela norra Sveriges utvecklingskraft och \u00e4r en av nycklarna till att klara samh\u00e4llsutmaningarna. Nu \u00e4r debatten om framtidens sammanh\u00e5llningspolitik ig\u00e5ng och d\u00e4rf\u00f6r har vi antagit en deklaration som tydligg\u00f6r Europaforum Norra Sverige synpunkter, s\u00e4ger <strong>Rickard Carstedt<\/strong>, ordf\u00f6rande i regionala utvecklingsn\u00e4mnden, Region V\u00e4sterbotten och rapport\u00f6r i Europaforum Norra Sverige.<\/p>\n\n\n\n<p>Europaforum Norra Sverige vill se mer regionalt och lokalt inflytande, b\u00e5de i utformning och genomf\u00f6rande, mer anpassning efter lokala och regionala erfarenheter och platsers unika f\u00f6ruts\u00e4ttningar, m\u00f6jligheter och behov, mer l\u00e5ngsiktighet och b\u00e4ttre flerniv\u00e5styre i framtidens sammanh\u00e5llningspolitik. Deklarationen \u00e4r en del av n\u00e4tverkets l\u00e5ngsiktiga p\u00e5verkansarbete f\u00f6r att EU:s regionalpolitiska st\u00f6d ska g\u00f6ra st\u00f6rsta m\u00f6jliga nytta f\u00f6r regioner med unika f\u00f6ruts\u00e4ttningar som norra Sverige.<\/p>\n\n\n\n<p><strong>Vad \u00e4r EU:s sammanh\u00e5llningspolitik?<\/strong><\/p>\n\n\n\n<p>EU:s sammanh\u00e5llningspolitik syftar till att st\u00e4rka den ekonomiska, sociala och territoriella sammanh\u00e5llningen i unionen genom att minska skillnader och oj\u00e4mlikheter mellan EU:s regioner. Sammanh\u00e5llningspolitiken och dess strukturfonder \u00e4r EU:s viktigaste investeringsinstrument f\u00f6r att skapa jobb och en h\u00e5llbar tillv\u00e4xt i EU:s regioner och kommuner. Totalt st\u00e5r sammanh\u00e5llningspolitiken f\u00f6r en tredjedel av EU:s nuvarande l\u00e5ngtidsbudget som str\u00e4cker sig 2021\u20132027. Det \u00e4r i EU:s l\u00e5ngtidsbudget som det avg\u00f6rs hur mycket pengar som EU ska investera i sina olika prioriterade omr\u00e5den, d\u00e4ribland st\u00f6det till regioner.<\/p>\n\n\n\n<p>En utav de grundl\u00e4ggande principerna f\u00f6r dessa strukturfonder \u00e4r att de ska uppfylla en partnerskapsprincip som inneb\u00e4r att det ska finnas ett n\u00e4ra samarbete mellan offentliga myndigheter p\u00e5 nationell, regional och lokal niv\u00e5 och med den privata och ideella sektorn. Parterna ska delta aktivt i alla steg av programcykeln \u2013 f\u00f6rberedelser, genomf\u00f6rande, \u00f6vervakning och utv\u00e4rdering av fonder och program.<\/p>\n\n\n\n<p><strong>Sammanh\u00e5llningspolitikens betydelse f\u00f6r norra Sverige<\/strong><\/p>\n\n\n\n<p>F\u00f6r de fyra nordligaste regionernas del finansieras sammanh\u00e5llningspolitiken fr\u00e4mst genom Europeiska regionala utvecklingsfonden (ERUF) och Europeiska socialfonden plus (ESF+) som tillsammans tillf\u00f6r cirka 400 miljoner euro i regionala utvecklingsmedel till regionen under denna budgetperiod. Drygt h\u00e4lften av dessa medel utg\u00f6rs av ett s\u00e4rskilt gleshetsst\u00f6d f\u00f6r att hantera de s\u00e4rskilda ekonomiska, sociala och territoriella f\u00f6ruts\u00e4ttningar som norra Sverige har s\u00e5som gles befolkning, arktiskt klimat, l\u00e5nga avst\u00e5nd till marknader och infrastrukturbrister.<\/p>\n\n\n\n<p>Medel fr\u00e5n dessa fonder g\u00e5r till forskning och innovation, bredband, digitalisering, f\u00f6retagsutveckling, kompetensf\u00f6rs\u00f6rjning, f\u00f6rnybar energi, klimatanpassning, cirkul\u00e4r ekonomi och infrastruktur och som \u00e4r avg\u00f6rande f\u00f6r norra Sveriges m\u00f6jligheter till regional utveckling. Det kan handla om att l\u00e5ta regionen bygga upp sin innovationskraft genom kluster, upprustning av flygplatser i inlandet, utbyggnad av bredband i inlandet och projekt som \u00f6ppnar upp glesbygden f\u00f6r turister.<\/p>\n\n\n\n<p><strong>Framtidens sammanh\u00e5llningspolitik i en f\u00f6r\u00e4ndrad v\u00e4rld<\/strong><\/p>\n\n\n\n<p>Sammanh\u00e5llningspolitiken f\u00f6r 2021\u20132027 har precis kommit ig\u00e5ng i sitt genomf\u00f6rande i Sverige men redan nu p\u00e5g\u00e5r diskussioner p\u00e5 EU-arenan kring v\u00e4gval och inneh\u00e5ll i EU:s kommande l\u00e5ngtidsbudget efter 2027. Om bara n\u00e5got \u00e5r kommer EU-kommissionen l\u00e4gga fram sitt f\u00f6rlag.<\/p>\n\n\n\n<p>De stora fr\u00e5gorna \u00e4r hur mycket av EU:s budget som ska satsas p\u00e5 sammanh\u00e5llningspolitiken och hur verktygen ska styras n\u00e4r EU st\u00e5r inf\u00f6r nya utmaningar. Med \u00e5terh\u00e4mtning efter pandemin, \u00f6kade geopolitiska sp\u00e4nningar, demografiska f\u00f6r\u00e4ndringar, klimatf\u00f6r\u00e4ndringar och kriser som avl\u00f6ser varandra befinner sig EU i en tid som inte liknar n\u00e5gon annan sedan dess bildande. Nu p\u00e5g\u00e5r ocks\u00e5 diskussioner om fler medlemsl\u00e4nder i EU som \u00e4ven det kommer f\u00e5 konsekvenser f\u00f6r framtidens sammanh\u00e5llningspolitik.<\/p>\n\n\n\n<p>F\u00f6r norra Sveriges kommuner och regioner g\u00e4ller det d\u00e4rf\u00f6r se till att redan nu vara med i diskussionerna om formeringen av EU:s framtida sammah\u00e5llningspolitik s\u00e5 att den ligger i linje med norra Sveriges f\u00f6ruts\u00e4ttningar, m\u00f6jligheter och behov.<\/p>\n\n\n\n<p>L\u00e4s Europaforum Norra Sveriges deklaration om f\u00f6rv\u00e4ntningar p\u00e5 framtidens sammanh\u00e5llningspolitik efter 2027 <a href=\"https:\/\/europaforum.nu\/wp-content\/uploads\/2023\/11\/Europaforum-Norra-Sveriges-deklaration-om-forvantningar-pa-EU-s-sammanhallningspolitik-efter-2027-2023-11-09.pdf\">h\u00e4r.<\/a><\/p>\n","protected":false},"excerpt":{"rendered":"<p>Sammanh\u00e5llningspolitiken, EU:s regionalpolitik, har \u00f6ver tid utgjort det viktigaste investeringsverktyget f\u00f6r norra Sveriges regionala tillv\u00e4xt och \u00f6kade syssels\u00e4ttning. Men i tider av \u00e5terh\u00e4mtning fr\u00e5n Covid-19 pandemin, \u00f6kade geopolitiska sp\u00e4nningar, klimatkris, [&hellip;]<\/p>\n","protected":false},"author":9,"featured_media":40661,"comment_status":"open","ping_status":"open","sticky":false,"template":"","format":"standard","meta":{"_et_pb_use_builder":"off","_et_pb_old_content":"","_et_gb_content_width":"","footnotes":""},"categories":[1],"tags":[],"class_list":["post-40664","post","type-post","status-publish","format-standard","has-post-thumbnail","hentry","category-nyheter"],"_links":{"self":[{"href":"https:\/\/europaforum.nu\/index.php?rest_route=\/wp\/v2\/posts\/40664","targetHints":{"allow":["GET"]}}],"collection":[{"href":"https:\/\/europaforum.nu\/index.php?rest_route=\/wp\/v2\/posts"}],"about":[{"href":"https:\/\/europaforum.nu\/index.php?rest_route=\/wp\/v2\/types\/post"}],"author":[{"embeddable":true,"href":"https:\/\/europaforum.nu\/index.php?rest_route=\/wp\/v2\/users\/9"}],"replies":[{"embeddable":true,"href":"https:\/\/europaforum.nu\/index.php?rest_route=%2Fwp%2Fv2%2Fcomments&post=40664"}],"version-history":[{"count":2,"href":"https:\/\/europaforum.nu\/index.php?rest_route=\/wp\/v2\/posts\/40664\/revisions"}],"predecessor-version":[{"id":40666,"href":"https:\/\/europaforum.nu\/index.php?rest_route=\/wp\/v2\/posts\/40664\/revisions\/40666"}],"wp:featuredmedia":[{"embeddable":true,"href":"https:\/\/europaforum.nu\/index.php?rest_route=\/wp\/v2\/media\/40661"}],"wp:attachment":[{"href":"https:\/\/europaforum.nu\/index.php?rest_route=%2Fwp%2Fv2%2Fmedia&parent=40664"}],"wp:term":[{"taxonomy":"category","embeddable":true,"href":"https:\/\/europaforum.nu\/index.php?rest_route=%2Fwp%2Fv2%2Fcategories&post=40664"},{"taxonomy":"post_tag","embeddable":true,"href":"https:\/\/europaforum.nu\/index.php?rest_route=%2Fwp%2Fv2%2Ftags&post=40664"}],"curies":[{"name":"wp","href":"https:\/\/api.w.org\/{rel}","templated":true}]}}