{"id":40739,"date":"2024-02-23T09:15:51","date_gmt":"2024-02-23T08:15:51","guid":{"rendered":"http:\/\/europaforum.nu\/?p=40739"},"modified":"2024-02-23T10:39:48","modified_gmt":"2024-02-23T09:39:48","slug":"var-tidigare-ordforande-europaparlamentarikern-erik-bergkvist-har-lamnat-oss","status":"publish","type":"post","link":"https:\/\/europaforum.nu\/?p=40739","title":{"rendered":"V\u00e5r tidigare ordf\u00f6rande Erik Bergkvist har l\u00e4mnat oss"},"content":{"rendered":"\n<p>Europaforum Norra Sverige har n\u00e5tts av det sorgliga beskedet att v\u00e5r tidigare ordf\u00f6rande, Europaparlamentarikern Erik Bergkvist, l\u00e4mnat oss mitt i sin politiska g\u00e4rning.<\/p>\n\n\n\n<p>Erik Bergkvist var regionstyrelsens ordf\u00f6rande i V\u00e4sterbotten n\u00e4r han 2011 tog \u00f6ver ordf\u00f6randeklubban i v\u00e5rt n\u00e4tverk. 2019 l\u00e4mnade han EFNS f\u00f6r att p\u00e5verka EU-politiken inifr\u00e5n, som Europaparlamentariker f\u00f6r Socialdemokraterna.<\/p>\n\n\n\n<p>I sin nya roll blev han en ambassad\u00f6r f\u00f6r norra Sverige i Europapolitiken och arbetade f\u00f6r v\u00e5ra intressen.<\/p>\n\n\n\n<p>\u2013 Erik var en personlig f\u00f6rebild f\u00f6r mig och en av de starkaste r\u00f6sterna i Europa f\u00f6r norra Sveriges styrkor och utmaningar. Hans kombination av spetskunskap, v\u00e4rme och skicklighet i det politiska hantverket gjorde honom till en enorm tillg\u00e5ng i arbetet f\u00f6r att f\u00f6ra Europa n\u00e4rmare oss, och oss n\u00e4rmare Europa. Eriks bortg\u00e5ng inneb\u00e4r en stor f\u00f6rlust f\u00f6r EFNS och norra Sverige. V\u00e5ra tankar g\u00e5r till familjen i denna sv\u00e5ra stund, s\u00e4ger Jonas Andersson, nuvarande ordf\u00f6rande f\u00f6r Europaforum Norra Sverige och politiker (S) i Region J\u00e4mtland H\u00e4rjedalen.<\/p>\n\n\n\n<p>Erik Bergkvist var ocks\u00e5 en sann Europav\u00e4n, bergfast i sin tro p\u00e5 samarbete mellan l\u00e4nder och regioner. Han vann uppskattning \u00e4ven i andra regioner d\u00e5 han g\u00e5ng p\u00e5 g\u00e5ng lyfte att det inte finns en l\u00f6sning som passar alla delar av EU. Ett viktigt omr\u00e5de f\u00f6r Erik var sammanh\u00e5llningspolitiken, d\u00e4r han var med och byggde strukturer f\u00f6r b\u00e4ttre samverkan mellan den nationella niv\u00e5n och regionerna.<\/p>\n\n\n\n<p>\u2013 Erik var en v\u00e4rdefull bundsf\u00f6rvant i EU:s institutioner. Han f\u00f6rstod v\u00e4rdet av n\u00e4tverket Europaforum Norra Sverige, f\u00f6rstod v\u00e4rdet av samarbete \u00f6ver geografiska gr\u00e4nser och mellan politiska block, f\u00f6rstod att \u201done size doesn&#8217;t fit all\u201d. De insikterna och erfarenheterna hj\u00e4lpte honom att n\u00e5 resultat b\u00e5de hemma i V\u00e4sterbotten och i Bryssel, s\u00e4ger \u00c5sa \u00c5gren Wikstr\u00f6m, vice ordf\u00f6rande i Europaforum Norra Sverige och moderat regionpolitiker i V\u00e4sterbotten.<\/p>\n\n\n\n<p>Erik Bergkvist avled efter en tids sjukdom vid 58 \u00e5rs \u00e5lder. Han kommer att vara saknad av EFNS-familjen.<\/p>\n\n\n\n<p>Vi avslutar med hans egna ord p\u00e5 de socialdemokratiska Europaparlamentarikernas hemsida:<\/p>\n\n\n\n<p>\u201dMina decennier i regionpolitiken har l\u00e4rt mig att ett starkt Europa fl\u00e4tas av samarbeten mellan m\u00e4nniskor. I Europaparlamentet \u00e4r jag norra Sveriges r\u00f6st \u2013 vi har mycket att bidra med, men ocks\u00e5 m\u00e5nga speciella f\u00f6ruts\u00e4ttningar. Ett EU som \u00e4r byggt b\u00e5de f\u00f6r alla och av alla har f\u00f6ruts\u00e4ttningar att klara v\u00e5r tids allra st\u00f6rsta utmaningar. Ska vi trygga freden, s\u00e4kra demokratin och \u00f6vervinna klimathotet m\u00e5ste vi arbeta tillsammans. Det \u00e4r EU:s grundtanke \u2013 och den tror jag p\u00e5.\u201d<\/p>\n\n\n\n<hr class=\"wp-block-separator has-alpha-channel-opacity\"\/>\n","protected":false},"excerpt":{"rendered":"<p>Europaforum Norra Sverige har n\u00e5tts av det sorgliga beskedet att v\u00e5r tidigare ordf\u00f6rande, Europaparlamentarikern Erik Bergkvist, l\u00e4mnat oss mitt i sin politiska g\u00e4rning. Erik Bergkvist var regionstyrelsens ordf\u00f6rande i V\u00e4sterbotten [&hellip;]<\/p>\n","protected":false},"author":7,"featured_media":40740,"comment_status":"open","ping_status":"open","sticky":false,"template":"","format":"standard","meta":{"_et_pb_use_builder":"off","_et_pb_old_content":"","_et_gb_content_width":"","footnotes":""},"categories":[1],"tags":[],"class_list":["post-40739","post","type-post","status-publish","format-standard","has-post-thumbnail","hentry","category-nyheter"],"_links":{"self":[{"href":"https:\/\/europaforum.nu\/index.php?rest_route=\/wp\/v2\/posts\/40739","targetHints":{"allow":["GET"]}}],"collection":[{"href":"https:\/\/europaforum.nu\/index.php?rest_route=\/wp\/v2\/posts"}],"about":[{"href":"https:\/\/europaforum.nu\/index.php?rest_route=\/wp\/v2\/types\/post"}],"author":[{"embeddable":true,"href":"https:\/\/europaforum.nu\/index.php?rest_route=\/wp\/v2\/users\/7"}],"replies":[{"embeddable":true,"href":"https:\/\/europaforum.nu\/index.php?rest_route=%2Fwp%2Fv2%2Fcomments&post=40739"}],"version-history":[{"count":5,"href":"https:\/\/europaforum.nu\/index.php?rest_route=\/wp\/v2\/posts\/40739\/revisions"}],"predecessor-version":[{"id":40745,"href":"https:\/\/europaforum.nu\/index.php?rest_route=\/wp\/v2\/posts\/40739\/revisions\/40745"}],"wp:featuredmedia":[{"embeddable":true,"href":"https:\/\/europaforum.nu\/index.php?rest_route=\/wp\/v2\/media\/40740"}],"wp:attachment":[{"href":"https:\/\/europaforum.nu\/index.php?rest_route=%2Fwp%2Fv2%2Fmedia&parent=40739"}],"wp:term":[{"taxonomy":"category","embeddable":true,"href":"https:\/\/europaforum.nu\/index.php?rest_route=%2Fwp%2Fv2%2Fcategories&post=40739"},{"taxonomy":"post_tag","embeddable":true,"href":"https:\/\/europaforum.nu\/index.php?rest_route=%2Fwp%2Fv2%2Ftags&post=40739"}],"curies":[{"name":"wp","href":"https:\/\/api.w.org\/{rel}","templated":true}]}}