{"id":40847,"date":"2024-04-29T13:27:56","date_gmt":"2024-04-29T12:27:56","guid":{"rendered":"http:\/\/europaforum.nu\/?p=40847"},"modified":"2024-04-30T11:38:02","modified_gmt":"2024-04-30T10:38:02","slug":"viktiga-samtal-om-mojligheter-och-farhagor-pa-arets-europaforum","status":"publish","type":"post","link":"https:\/\/europaforum.nu\/?p=40847","title":{"rendered":"Viktiga samtal om m\u00f6jligheter och farh\u00e5gor p\u00e5 \u00e5rets Europaforum"},"content":{"rendered":"\n<p><strong><em>EU-val, geopolitisk oro och gr\u00f6n omst\u00e4llning \u2013 hur p\u00e5verkas norra Sverige? <\/em>Det var temat n\u00e4r Europaforum Norra Sveriges (EFNS) \u00e5rliga konferens h\u00f6lls i Sundsvall den 17\u201318 april. \u00d6ver 170 deltagare samlades p\u00e5 Hotell S\u00f6dra Berget i Sundsvall. &nbsp;<\/strong><\/p>\n\n\n\n<p>Europaforum Norra Sverige (EFNS) \u00e4r ett politiskt n\u00e4tverk. Det samlar kommunala och regionala f\u00f6retr\u00e4dare fr\u00e5n Sveriges fyra nordligaste l\u00e4n f\u00f6r att tillvarata norra Sveriges intressen i EU-fr\u00e5gor. P\u00e5 plats i Sundsvall fanns beslutsfattare fr\u00e5n nationell niv\u00e5 och EU-niv\u00e5 och politiker fr\u00e5n norra Sverige. Norra Sverige befinner sig allt oftare i fokus, inte bara nationellt, utan \u00e4ven p\u00e5 EU-arenan.&nbsp;<\/p>\n\n\n\n<p>Anders Ahnlid, generaldirekt\u00f6r f\u00f6r Kommerskollegium, konstaterade att Sverige befinner sig i det allvarligaste s\u00e4kerhetsl\u00e4get p\u00e5 l\u00e4nge samtidigt som de st\u00f6rsta industrisatsningarna i den gr\u00f6na omst\u00e4llningen p\u00e5g\u00e5r, inte minst i norra Sverige. De viktigaste fr\u00e5gorna f\u00f6r Europa, Sverige och de fyra nordligaste regionerna \u00e4r hur man h\u00f6jer produktiviteten, st\u00e4rker handeln och tar strid f\u00f6r den gr\u00f6na omst\u00e4llningen, po\u00e4ngterade Ahnlid. Men han betonade ocks\u00e5 vikten av beredskap och oberoende.<\/p>\n\n\n\n<p>\u2013 Just in case beh\u00f6ver ers\u00e4tta just in time med nya l\u00f6sningar som minskar risker och farligt beroende fr\u00e5n l\u00e4nder som anv\u00e4nder tillg\u00e5ngar i det geopolitiska spelet, sade Ahnlid.<\/p>\n\n\n\n<figure class=\"wp-block-image size-large\"><img loading=\"lazy\" decoding=\"async\" width=\"1024\" height=\"573\" src=\"https:\/\/europaforum.nu\/wp-content\/uploads\/2024\/04\/europaforum-dag1-webb-14-1024x573.jpg\" alt=\"\" class=\"wp-image-40849\" srcset=\"https:\/\/europaforum.nu\/wp-content\/uploads\/2024\/04\/europaforum-dag1-webb-14-980x549.jpg 980w, https:\/\/europaforum.nu\/wp-content\/uploads\/2024\/04\/europaforum-dag1-webb-14-480x269.jpg 480w\" sizes=\"(min-width: 0px) and (max-width: 480px) 480px, (min-width: 481px) and (max-width: 980px) 980px, (min-width: 981px) 1024px, 100vw\" \/><figcaption class=\"wp-element-caption\">Anders Ahnlid, generaldirekt\u00f6r f\u00f6r Kommerskollegium.<\/figcaption><\/figure>\n\n\n\n<p>M\u00e5let med EU:s klimatpolitik \u00e4r att Europa ska vara v\u00e4rldens f\u00f6rsta koldioxidneutrala kontinent \u00e5r 2050. Strategin \u201dDen gr\u00f6na given\u201d omfattar runt 50 lagar som str\u00e4var efter ekologisk, ekonomisk och social h\u00e5llbarhet. Men vad betyder klimatpolitiken betyder f\u00f6r norra Sverige? Vilka effekter f\u00e5r det p\u00e5 n\u00e4ringslivet? Sverige, trots sina tidigare framsteg inom h\u00e5llbarhet, ligger efter n\u00e4r det g\u00e4ller att implementera styrmedel f\u00f6r att n\u00e5 m\u00e5len.<\/p>\n\n\n\n<p>Magnus Nilsson, klimatpolitisk analytiker, betonande EU:s ansvar i att se till att de m\u00e5l som de har satt faktiskt uppn\u00e5s.&nbsp;<\/p>\n\n\n\n<p>\u2013 Om EU \u00e4r en r\u00e4ttsstat s\u00e5 beh\u00f6ver man h\u00e5lla sitt l\u00f6fte mot Paris-avtalet och f\u00f6lja upp klimatarbetet mer best\u00e4mt, annars drabbas hela det globala klimatarbetet, sade Magnus Nilsson.<\/p>\n\n\n\n<p>De f\u00f6retag som inte l\u00f6st sina problem 2039, d\u00e5 ransoneringssystemet med utsl\u00e4ppsr\u00e4tter stoppas, kommer att tvingas upph\u00f6ra med sin verksamhet. Henrik Isakson fr\u00e5n Svenskt n\u00e4ringsliv intog scenen efter Magnus inledande analys.<\/p>\n\n\n\n<p>\u2013 Fr\u00e5n Svenskt n\u00e4ringsliv ser vi positivt p\u00e5 den nya lagstiftningen i stort. De flesta lagarna \u00e4r rimliga, m\u00e5len \u00e4r sv\u00e5rt att s\u00e4tta sig emot. Metoderna f\u00f6r att n\u00e5 m\u00e5len \u00e4r dock i m\u00e5nga fall f\u00f6r detaljstyrda. Branschernas uppfattning \u00e4r till stor del att de sj\u00e4lva borde f\u00e5 arbeta mot m\u00e5len p\u00e5 det mest l\u00e4mpliga s\u00e4ttet f\u00f6r specifik bransch, sade Henrik Isakson.<\/p>\n\n\n\n<figure class=\"wp-block-image size-large\"><img loading=\"lazy\" decoding=\"async\" width=\"1024\" height=\"574\" src=\"https:\/\/europaforum.nu\/wp-content\/uploads\/2024\/04\/europaforum-dag1-webb-27-1024x574.jpg\" alt=\"\" class=\"wp-image-40850\" srcset=\"https:\/\/europaforum.nu\/wp-content\/uploads\/2024\/04\/europaforum-dag1-webb-27-980x549.jpg 980w, https:\/\/europaforum.nu\/wp-content\/uploads\/2024\/04\/europaforum-dag1-webb-27-480x269.jpg 480w\" sizes=\"(min-width: 0px) and (max-width: 480px) 480px, (min-width: 481px) and (max-width: 980px) 980px, (min-width: 981px) 1024px, 100vw\" \/><figcaption class=\"wp-element-caption\">Henrik Isakson, Svenskt n\u00e4ringsliv<\/figcaption><\/figure>\n\n\n\n<p><strong>Nytt geopolitiskt perspektiv<\/strong><\/p>\n\n\n\n<p>Med ett krig i Europa och en p\u00e5g\u00e5ende klimatkris v\u00e4nder EU allt oftare sina \u00f6gon mot norra Europa och Arktis. Egen tillg\u00e5ng till naturresurser blir allt mer centralt, liksom behovet av s\u00e4kra och effektiva transportrutter. Inom EU v\u00e4xer medvetenheten om att medlemsl\u00e4nderna m\u00e5ste ta ett st\u00f6rre eget ansvar f\u00f6r Europas s\u00e4kerhet. Kopplingarna mellan norra Sverige, Norge och Finland har hamnat i blickf\u00e5nget inte minst sedan Sverige och Finlands intr\u00e4de i NATO.&nbsp;<\/p>\n\n\n\n<p>\u2013 Vi \u00e4r i ett ganska brutalt geopolitiskt uppvaknande. Vi har fler spelare p\u00e5 den globala spelplanen. N\u00e4r man har fler spelare har man normalt striktare regler f\u00f6r att styra upp. Nu \u00e4r det precis tv\u00e4rtom. Det p\u00e5verkar allt fr\u00e5n s\u00e4kerhetsallianser till handelspartner till investeringar, sade Annika W\u00e4ppling Korzinek, chef p\u00e5 EU-kommissionens representation i Sverige.<\/p>\n\n\n\n<p>Hon sade vidare att det f\u00f6r\u00e4ndrade s\u00e4kerhetspolitiska l\u00e4get har f\u00e5tt EU att g\u00e5 in i nya politikomr\u00e5den.<\/p>\n\n\n\n<p>\u2013 Det \u00e4r ett nytt starkt fokus p\u00e5 f\u00f6rsvar och f\u00f6rsvarsindustri. Det h\u00e4r var ett no-go f\u00f6r bara tre \u00e5r sedan, d\u00e5 ans\u00e5g man att det EU inte har med att g\u00f6ra. Det \u00e4r ett helt nytt l\u00e4ge nu.&nbsp;<\/p>\n\n\n\n<p>Det handlar ocks\u00e5 om att bygga beredskap, motst\u00e5ndskraftiga samh\u00e4llen.&nbsp;<\/p>\n\n\n\n<p>\u2013 Det h\u00e4r kommer vi att se i energipolitken, kritiska r\u00e5material, att hitta r\u00e4tt balans mellan protektionism och strategisk autonomi, d\u00e4r vi f\u00f6rs\u00f6ker undvika att sitta i kn\u00e4t p\u00e5 dem som inte \u00e4r v\u00e5ra kompisar. Det handlar om att ha kontroll \u00f6ver investeringar i k\u00e4nslig infrastruktur. Vi kommer att se mer och mer av det h\u00e4r omtaget, sp\u00e5dde W\u00e4ppling Korzinek.<\/p>\n\n\n\n<figure class=\"wp-block-image size-large\"><img loading=\"lazy\" decoding=\"async\" width=\"1024\" height=\"575\" src=\"https:\/\/europaforum.nu\/wp-content\/uploads\/2024\/04\/europaforum-dag2-webb-72-1024x575.jpg\" alt=\"\" class=\"wp-image-40851\" srcset=\"https:\/\/europaforum.nu\/wp-content\/uploads\/2024\/04\/europaforum-dag2-webb-72-980x551.jpg 980w, https:\/\/europaforum.nu\/wp-content\/uploads\/2024\/04\/europaforum-dag2-webb-72-480x270.jpg 480w\" sizes=\"(min-width: 0px) and (max-width: 480px) 480px, (min-width: 481px) and (max-width: 980px) 980px, (min-width: 981px) 1024px, 100vw\" \/><figcaption class=\"wp-element-caption\">Annika W\u00e4ppling Korzinek, chef p\u00e5 EU-kommissionens representation i Sverige<\/figcaption><\/figure>\n\n\n\n<p>Under EU:s n\u00e4sta mandatperiod kommer utvidgning av EU st\u00e5r p\u00e5 agendan, tjugo \u00e5r efter att unionen expanderade storskaligt. Precis som d\u00e5 \u00e4r en utvidgning ocks\u00e5 ett s\u00e4kerhetspolitiskt redskap.&nbsp;<\/p>\n\n\n\n<p>\u2013 De f\u00f6rsvarspolitiska fr\u00e5gorna g\u00e5r inte l\u00e4ngre att s\u00e4rskilja fr\u00e5n de civila fr\u00e5gorna.&nbsp;<\/p>\n\n\n\n<p>Mats Brandt fr\u00e5n \u00d6sterbottens f\u00f6rbund och Kvarkenr\u00e5det ber\u00e4ttade om projektet Nordic Connector som en sammanbindande l\u00e4nk i \u00f6st-v\u00e4stlig riktning, med potential att vara en puls\u00e5der f\u00f6r hela omr\u00e5det. Han ber\u00e4ttade hur Finland arbetar med \u00f6vergripande s\u00e4kerhet och f\u00f6rs\u00f6rjningsberedskap.<\/p>\n\n\n\n<p>\u2013 F\u00f6rs\u00f6rjningsberedskapen har j\u00e4ttel\u00e5nga traditioner i Finland. Det g\u00e5r tillbaka till f\u00f6rsta v\u00e4rldskriget. J\u00e4rn, krut och spannm\u00e5l, det \u00e4r d\u00e4r det b\u00f6rjar. Efter andra v\u00e4rldskriget byggdes organisationer upp och de har visat sin styrka, inte bara under krig utan under oljekrisen och covidpandemin.<\/p>\n\n\n\n<p>Projektet Nordic Connector inneb\u00e4r en fast f\u00f6rbindelse \u00f6ver Kvarken mellan Vasa och Ume\u00e5 men \u00e4ven en f\u00f6rst\u00e4rkning av E12-korridoren samt \u00f6vriga str\u00e5k i \u00f6st-v\u00e4stlig riktning.<\/p>\n\n\n\n<p>\u2013 Nordic Connector \u00e4r en id\u00e9 och en vision som fallit i gl\u00f6mska och uppst\u00e5tt p\u00e5 nytt. Vi st\u00e5r inte bara inf\u00f6r en m\u00f6jlighet att koppla ihop tv\u00e5 kuster utan kan f\u00f6r\u00e4ndra hela norra Nordens och Europas framtid.<\/p>\n\n\n\n<p>Lars-Gunnar Nordlander tillh\u00f6r arbetsgruppen f\u00f6r infrastrukturfr\u00e5gor inom n\u00e4tverket Europaforum Norra Sverige. Han efterlyste mer statligt engagemang.&nbsp;<\/p>\n\n\n\n<figure class=\"wp-block-image size-large\"><img loading=\"lazy\" decoding=\"async\" width=\"1024\" height=\"576\" src=\"https:\/\/europaforum.nu\/wp-content\/uploads\/2024\/04\/europaforum-dag1-webb-92-1024x576.jpg\" alt=\"\" class=\"wp-image-40852\" srcset=\"https:\/\/europaforum.nu\/wp-content\/uploads\/2024\/04\/europaforum-dag1-webb-92-980x551.jpg 980w, https:\/\/europaforum.nu\/wp-content\/uploads\/2024\/04\/europaforum-dag1-webb-92-480x270.jpg 480w\" sizes=\"(min-width: 0px) and (max-width: 480px) 480px, (min-width: 481px) and (max-width: 980px) 980px, (min-width: 981px) 1024px, 100vw\" \/><figcaption class=\"wp-element-caption\">Lars-Gunnar Nordlander, rapport\u00f6r Europaforum Norra Sverige<\/figcaption><\/figure>\n\n\n\n<p>\u2013 Den st\u00f6rsta utmaningen nu \u00e4r Malmbanan, den m\u00e5r inte alls bra. Vi har en akt\u00f6r som inte \u00e4r h\u00e4r, n\u00e4mligen staten. Det blir konstigt n\u00e4r Norge, Finland, och fyra l\u00e4n i Norrland \u00e4r \u00f6verens och vi har f\u00f6rmedlat den bilden till EU, och n\u00e4r EU b\u00f6rjar tala med svenska staten s\u00e5 har den en helt annan uppfattning. Det \u00e4r inte bara europeisk niv\u00e5 vi beh\u00f6ver p\u00e5verka utan \u00e4ven statlig.<\/p>\n\n\n\n<p><strong>Regionernas roll i det framtida EU<\/strong><\/p>\n\n\n\n<p>Dagen d\u00e4rp\u00e5 lades fokus p\u00e5 f\u00f6rmiddagen p\u00e5 EU:s regionalpolitik, den s\u00e5 kallade sammanh\u00e5llningspolitiken. Huvudtalaren under denna punkt var Sofia Alves, direkt\u00f6r p\u00e5 EU-kommissionens Generaldirektorat f\u00f6r regionalpolitik.&nbsp;<\/p>\n\n\n\n<p>\u2013 Sammanh\u00e5llningspolitiken skapades f\u00f6r att utnyttja potentialen, id\u00e9erna och kapaciteten i regionerna. Den m\u00e5ste ge resultat f\u00f6r alla medborgare: m\u00e4nniskor och regioner l\u00e4mnas p\u00e5 efterk\u00e4lken och d\u00e4rf\u00f6r m\u00e5ste sammanh\u00e5llningen forts\u00e4tta att \u00f6verbrygga denna klyfta mellan regioner, sade Sofia Alves.&nbsp;<\/p>\n\n\n\n<p>Richard Carstedt, rapport\u00f6r Europaforum Norra Sverige, uttryckte sin oro f\u00f6r sammanh\u00e5llningspolitiken efter 2027.&nbsp;<\/p>\n\n\n\n<p>\u2013 Regeringen s\u00e4ger att om vi skickar tv\u00e5 kronor till EU f\u00e5r vi en krona tillbaka, men p\u00e5 regional niv\u00e5 \u00e4r det den enda kronan vi f\u00e5r, sade Rickard Carstedt.<\/p>\n\n\n\n<figure class=\"wp-block-image size-large\"><img loading=\"lazy\" decoding=\"async\" width=\"1024\" height=\"576\" src=\"https:\/\/europaforum.nu\/wp-content\/uploads\/2024\/04\/europaforum-dag2-webb-33-1024x576.jpg\" alt=\"\" class=\"wp-image-40853\" srcset=\"https:\/\/europaforum.nu\/wp-content\/uploads\/2024\/04\/europaforum-dag2-webb-33-980x551.jpg 980w, https:\/\/europaforum.nu\/wp-content\/uploads\/2024\/04\/europaforum-dag2-webb-33-480x270.jpg 480w\" sizes=\"(min-width: 0px) and (max-width: 480px) 480px, (min-width: 481px) and (max-width: 980px) 980px, (min-width: 981px) 1024px, 100vw\" \/><figcaption class=\"wp-element-caption\">Richard Carstedt, rapport\u00f6r Europaforum Norra Sverige<\/figcaption><\/figure>\n\n\n\n<p><strong>EU-valet 2024&nbsp; &#8211; viktigaste n\u00e5gonsin?<\/strong><\/p>\n\n\n\n<p>I b\u00f6rjan av juni 2024 h\u00e5ller de 27 medlemsl\u00e4nderna val till Europaparlamentet. Valet i Sverige h\u00e5lls den 9 juni och totalt ska 21 ledam\u00f6ter v\u00e4ljas fr\u00e5n Sverige till Europaparlamentet.&nbsp;<\/p>\n\n\n\n<p>I Sverige ser vi det st\u00f6rsta st\u00f6det n\u00e5gonsin f\u00f6r EU. Runt 67 procent tycker det \u00e4r bra att Sverige \u00e4r med i EU, och Annika W\u00e4ppling Korzinek, chef f\u00f6r EU-kommissionen i Sverige, tror att det handlar just om EU:s f\u00f6rm\u00e5ga att hantera kriser. Som exempel pekade hon p\u00e5 den gemensamma upphandlingen av covid-19-vaccin och inf\u00f6randet av covid-beviset s\u00e5 att m\u00e4nniskor kunde resa under pandemin. Hon n\u00e4mnde ocks\u00e5 st\u00f6d samt flyktingmottagande under kriget i Ukraina.&nbsp;<\/p>\n\n\n\n<p>\u2013 De h\u00e4r kriserna har visat att vi kan vara extremt innovativa n\u00e4r det beh\u00f6vs. Det st\u00e5r till exempel inget i f\u00f6rdragen om att upphandla ammunition eller vaccin, men om alla medlemsl\u00e4nder vill och enas s\u00e5 g\u00e5r det.&nbsp;<\/p>\n\n\n\n<p>Per Johansson, chef f\u00f6r Europaparlamentets kontor i Sverige, diskuterade \u00e4ven varf\u00f6r det stundande EU-valet \u00e4r det viktigaste n\u00e5gonsin.<\/p>\n\n\n\n<p>\u2013 Vi har ett krig p\u00e5 v\u00e5r tr\u00f6skel f\u00f6r f\u00f6rsta g\u00e5ngen i EU:s historia, men det finns ocks\u00e5 andra risker. Desinformation och valp\u00e5verkan, fr\u00e4mmande makt som f\u00f6rs\u00f6ker p\u00e5verka b\u00e5de EU-val men \u00e4ven nationella val. Det \u00e4r n\u00e5got att vara v\u00e4ldigt uppm\u00e4rksam p\u00e5.&nbsp;<\/p>\n\n\n\n<figure class=\"wp-block-image size-large\"><img loading=\"lazy\" decoding=\"async\" width=\"1024\" height=\"578\" src=\"https:\/\/europaforum.nu\/wp-content\/uploads\/2024\/04\/europaforum-dag2-webb-76-1024x578.jpg\" alt=\"\" class=\"wp-image-40854\" srcset=\"https:\/\/europaforum.nu\/wp-content\/uploads\/2024\/04\/europaforum-dag2-webb-76-980x553.jpg 980w, https:\/\/europaforum.nu\/wp-content\/uploads\/2024\/04\/europaforum-dag2-webb-76-480x271.jpg 480w\" sizes=\"(min-width: 0px) and (max-width: 480px) 480px, (min-width: 481px) and (max-width: 980px) 980px, (min-width: 981px) 1024px, 100vw\" \/><figcaption class=\"wp-element-caption\">Per Johansson, chef f\u00f6r Europaparlamentets kontor i Sverige<\/figcaption><\/figure>\n\n\n\n<p>Med p\u00e5 l\u00e4nk var ocks\u00e5 Jakop Dalunde, europaparlamentariker f\u00f6r Milj\u00f6partiet. Han pratade om vikten att r\u00f6sta, bland annat med tanke p\u00e5 klimatfr\u00e5gan och kriget i Ukraina.&nbsp;&nbsp;<\/p>\n\n\n\n<p>\u2013 Tidigare har valr\u00f6relserna fokuserat mycket p\u00e5 om Sverige ska vara med i EU eller inte. D\u00e4remot har vi pratat v\u00e4ldigt lite om vad vi vill att EU ska g\u00f6ra, nu n\u00e4r vi faktiskt \u00e4r med. Jag tycker att 2019 var f\u00f6rsta valr\u00f6relsen d\u00e5 vi faktiskt pratade om sakfr\u00e5gorna. Jag hoppas och tror att det blir s\u00e5 \u00e4ven den h\u00e4r g\u00e5ngen, sade Dalunde om valr\u00f6relsen inf\u00f6r Europaparlamentsvalet.&nbsp;&nbsp;&nbsp;<\/p>\n","protected":false},"excerpt":{"rendered":"<p>EU-val, geopolitisk oro och gr\u00f6n omst\u00e4llning \u2013 hur p\u00e5verkas norra Sverige? Det var temat n\u00e4r Europaforum Norra Sveriges (EFNS) \u00e5rliga konferens h\u00f6lls i Sundsvall den 17\u201318 april. \u00d6ver 170 deltagare [&hellip;]<\/p>\n","protected":false},"author":1,"featured_media":40848,"comment_status":"open","ping_status":"open","sticky":false,"template":"","format":"standard","meta":{"_et_pb_use_builder":"off","_et_pb_old_content":"","_et_gb_content_width":"","footnotes":""},"categories":[1],"tags":[],"class_list":["post-40847","post","type-post","status-publish","format-standard","has-post-thumbnail","hentry","category-nyheter"],"_links":{"self":[{"href":"https:\/\/europaforum.nu\/index.php?rest_route=\/wp\/v2\/posts\/40847","targetHints":{"allow":["GET"]}}],"collection":[{"href":"https:\/\/europaforum.nu\/index.php?rest_route=\/wp\/v2\/posts"}],"about":[{"href":"https:\/\/europaforum.nu\/index.php?rest_route=\/wp\/v2\/types\/post"}],"author":[{"embeddable":true,"href":"https:\/\/europaforum.nu\/index.php?rest_route=\/wp\/v2\/users\/1"}],"replies":[{"embeddable":true,"href":"https:\/\/europaforum.nu\/index.php?rest_route=%2Fwp%2Fv2%2Fcomments&post=40847"}],"version-history":[{"count":2,"href":"https:\/\/europaforum.nu\/index.php?rest_route=\/wp\/v2\/posts\/40847\/revisions"}],"predecessor-version":[{"id":40857,"href":"https:\/\/europaforum.nu\/index.php?rest_route=\/wp\/v2\/posts\/40847\/revisions\/40857"}],"wp:featuredmedia":[{"embeddable":true,"href":"https:\/\/europaforum.nu\/index.php?rest_route=\/wp\/v2\/media\/40848"}],"wp:attachment":[{"href":"https:\/\/europaforum.nu\/index.php?rest_route=%2Fwp%2Fv2%2Fmedia&parent=40847"}],"wp:term":[{"taxonomy":"category","embeddable":true,"href":"https:\/\/europaforum.nu\/index.php?rest_route=%2Fwp%2Fv2%2Fcategories&post=40847"},{"taxonomy":"post_tag","embeddable":true,"href":"https:\/\/europaforum.nu\/index.php?rest_route=%2Fwp%2Fv2%2Ftags&post=40847"}],"curies":[{"name":"wp","href":"https:\/\/api.w.org\/{rel}","templated":true}]}}