{"id":40896,"date":"2024-11-01T15:27:39","date_gmt":"2024-11-01T14:27:39","guid":{"rendered":"http:\/\/europaforum.nu\/?p=40896"},"modified":"2024-11-06T09:17:37","modified_gmt":"2024-11-06T08:17:37","slug":"efns-stoder-starkt-europeisk-transportpolitik-och-investeringar-i-norra-sverige","status":"publish","type":"post","link":"https:\/\/europaforum.nu\/?p=40896","title":{"rendered":"EFNS st\u00f6der st\u00e4rkt europeisk transportpolitik och investeringar i norra Sverige"},"content":{"rendered":"\n<p>EFNS (Europaforum Norra Sverige) uttrycker sitt starka st\u00f6d f\u00f6r EU:s transportpolitik och satsningar p\u00e5 de prioriterade europeiska transportkorridorerna (ETC), som \u00e4r avg\u00f6rande f\u00f6r att genomf\u00f6ra det transeuropeiska transportn\u00e4tet (TEN-T). TEN-T-n\u00e4tverket utg\u00f6r ryggraden i EU:s inre marknad och syftar till att skapa ett sammanh\u00e5llet europeiskt transportn\u00e4t. S\u00e4rskilt viktigt \u00e4r att g\u00f6ra landsbygdsomr\u00e5den och avl\u00e4gsna regioner mer tillg\u00e4ngliga, s\u00e5 att b\u00e5de medborgare och lokala f\u00f6retag kan dra nytta av den gemensamma transportmarknaden.<\/p>\n\n\n\n<ul class=\"wp-block-list\">\n<li><a>Vi inom Europaforum Norra Sverige uttrycker v\u00e5rt starka st\u00f6d f\u00f6r EU:s transportpolitik och vill understryka vikten av fortsatta satsningar p\u00e5 de prioriterade europeiska transportkorridorerna, som \u00e4r avg\u00f6rande f\u00f6r att genomf\u00f6ra det transeuropeiska transportn\u00e4tet, TEN-T. Vi betonar att efterf\u00f6ljaren till CEF m\u00e5ste f\u00f6rst\u00e4rkas f\u00f6r att kunna f\u00f6rverkliga TEN-T-n\u00e4tet och m\u00f6ta de stora investeringsbehoven med tanke p\u00e5 de nya utmaningar som Europa st\u00e5r inf\u00f6r. Dessutom vill vi po\u00e4ngtera n\u00f6dv\u00e4ndigheten av en central f\u00f6rvaltning av CEF:s efterf\u00f6ljare f\u00f6r att s\u00e4kerst\u00e4lla genomf\u00f6randet av infrastrukturprojekt av h\u00f6gt europeiskt v\u00e4rde, s\u00e4ger Erik L\u00f6vgren (S), rapport\u00f6r Europaforum Norra Sverige.<\/a><\/li>\n<\/ul>\n\n\n\n<p><strong>Efterf\u00f6ljaren till CEF beh\u00f6ver inneh\u00e5lla \u00f6kad finansiering<\/strong><\/p>\n\n\n\n<p>Connecting Europe Facility (CEF) \u00e4r en finansieringsmetod som EU anv\u00e4nder f\u00f6r att fr\u00e4mja tillv\u00e4xt, arbeten och konkurrenskraft genom infrastruktursatsningar. Fokus f\u00f6r transportinfrastrukturen ligger p\u00e5 Trans-European Transport Network (TEN-T). Alla EU-l\u00e4nder ans\u00f6ker genom CEF f\u00f6r att f\u00e5 bidrag till finansiering av hela eller delar av infrastruktursatsningar. CEF inneb\u00e4r betydande ekonomiska medel som f\u00f6rdelas till medlemsstaterna och p\u00e5verkar vilka projekt som genomf\u00f6rs i Europa, vilket g\u00f6r CEF till en viktig del av EU:s transportpolitik. EFNS betonar vikten av att TEN-T-n\u00e4tverket f\u00e4rdigst\u00e4lls till 2030 f\u00f6r att m\u00f6ta de utmaningar som Europa st\u00e5r inf\u00f6r, inklusive klimatf\u00f6r\u00e4ndringar och geopolitiska sp\u00e4nningar. F\u00f6r att detta ska ske kr\u00e4vs \u00f6kad finansiering, s\u00e4rskilt genom efterf\u00f6ljaren till CEF, som \u00e4r EU:s viktigaste finansiella instrument f\u00f6r transportinfrastruktur. EFNS menar att ytterligare finansiering \u00e4ven b\u00f6r komma fr\u00e5n regionala fonder och andra instrument som Invest EU.<\/p>\n\n\n\n<p>F\u00f6r norra Sverige betonar EFNS behovet av investeringar i transportinfrastruktur genom EU:s regionala utvecklingsfonder (ERUF), speciellt f\u00f6r projekt som syftar till att undanr\u00f6ja flaskhalsar och f\u00f6rb\u00e4ttra tillg\u00e5ngen till gr\u00e4ns\u00f6verskridande transportn\u00e4t. Projekten Mittstr\u00e5ket och E12-str\u00e4ckan mellan Sverige, Norge och Finland lyfts fram som exempel p\u00e5 gr\u00e4ns\u00f6verskridande samarbete. Dessutom anser EFNS att flygplatsinfrastruktur i de nordliga glesbygdsomr\u00e5dena b\u00f6r ges bredare investeringsm\u00f6jligheter f\u00f6r att s\u00e4kerst\u00e4lla tillg\u00e4nglighet och fr\u00e4mja regional tillv\u00e4xt.<\/p>\n\n\n\n<p>Investeringar i norra Sverige, som \u00e4ven inkluderar satsningar p\u00e5 h\u00e5llbart flyg, anses vara av stor betydelse f\u00f6r regionens framtida konkurrenskraft och f\u00f6r EU:s sammanh\u00e5llningspolitik.<\/p>\n\n\n\n<p><a href=\"https:\/\/europaforum.nu\/wp-content\/uploads\/2024\/10\/241024-EFNS-position-infor-efterfoljaren-till-Fonden-for-ett-sammanlankat-Europa.pdf\">L\u00e4s positionen i sin helhet <\/a><\/p>\n","protected":false},"excerpt":{"rendered":"<p>EFNS (Europaforum Norra Sverige) uttrycker sitt starka st\u00f6d f\u00f6r EU:s transportpolitik och satsningar p\u00e5 de prioriterade europeiska transportkorridorerna (ETC), som \u00e4r avg\u00f6rande f\u00f6r att genomf\u00f6ra det transeuropeiska transportn\u00e4tet (TEN-T). TEN-T-n\u00e4tverket [&hellip;]<\/p>\n","protected":false},"author":1,"featured_media":40554,"comment_status":"open","ping_status":"open","sticky":false,"template":"","format":"standard","meta":{"_et_pb_use_builder":"off","_et_pb_old_content":"","_et_gb_content_width":"","footnotes":""},"categories":[1],"tags":[],"class_list":["post-40896","post","type-post","status-publish","format-standard","has-post-thumbnail","hentry","category-nyheter"],"_links":{"self":[{"href":"https:\/\/europaforum.nu\/index.php?rest_route=\/wp\/v2\/posts\/40896","targetHints":{"allow":["GET"]}}],"collection":[{"href":"https:\/\/europaforum.nu\/index.php?rest_route=\/wp\/v2\/posts"}],"about":[{"href":"https:\/\/europaforum.nu\/index.php?rest_route=\/wp\/v2\/types\/post"}],"author":[{"embeddable":true,"href":"https:\/\/europaforum.nu\/index.php?rest_route=\/wp\/v2\/users\/1"}],"replies":[{"embeddable":true,"href":"https:\/\/europaforum.nu\/index.php?rest_route=%2Fwp%2Fv2%2Fcomments&post=40896"}],"version-history":[{"count":1,"href":"https:\/\/europaforum.nu\/index.php?rest_route=\/wp\/v2\/posts\/40896\/revisions"}],"predecessor-version":[{"id":40897,"href":"https:\/\/europaforum.nu\/index.php?rest_route=\/wp\/v2\/posts\/40896\/revisions\/40897"}],"wp:featuredmedia":[{"embeddable":true,"href":"https:\/\/europaforum.nu\/index.php?rest_route=\/wp\/v2\/media\/40554"}],"wp:attachment":[{"href":"https:\/\/europaforum.nu\/index.php?rest_route=%2Fwp%2Fv2%2Fmedia&parent=40896"}],"wp:term":[{"taxonomy":"category","embeddable":true,"href":"https:\/\/europaforum.nu\/index.php?rest_route=%2Fwp%2Fv2%2Fcategories&post=40896"},{"taxonomy":"post_tag","embeddable":true,"href":"https:\/\/europaforum.nu\/index.php?rest_route=%2Fwp%2Fv2%2Ftags&post=40896"}],"curies":[{"name":"wp","href":"https:\/\/api.w.org\/{rel}","templated":true}]}}