{"id":41188,"date":"2025-04-03T20:27:00","date_gmt":"2025-04-03T19:27:00","guid":{"rendered":"http:\/\/europaforum.nu\/?p=41188"},"modified":"2025-04-03T20:27:57","modified_gmt":"2025-04-03T19:27:57","slug":"ny-rapport-eus-sammanhallningspolitik-avgorande-for-norra-sveriges-utveckling","status":"publish","type":"post","link":"https:\/\/europaforum.nu\/?p=41188","title":{"rendered":"Ny rapport: EU:s sammanh\u00e5llningspolitik avg\u00f6rande f\u00f6r norra Sveriges utveckling"},"content":{"rendered":"\n<p>En ny rapport fr\u00e5n Europaforum Norra Sverige (EFNS) \u2013 <em>EU:s sammanh\u00e5llningspolitik i norra Sverige: En rapport om skapade merv\u00e4rden<\/em> \u2013 \u00e4r nu klar. Den visar hur EU:s st\u00f6d bidragit till lokal och regional utveckling.<\/p>\n\n\n\n<p>Sammanh\u00e5llningspolitiken \u00e4r EU:s fr\u00e4msta verktyg f\u00f6r ekonomisk tillv\u00e4xt och syssels\u00e4ttning. Genom finansiering av regionala utvecklingsprojekt st\u00e4rks unionens sammanh\u00e5llning och konkurrenskraft.<\/p>\n\n\n\n<p><strong>Norra Sveriges utmaningar och m\u00f6jligheter<\/strong><\/p>\n\n\n\n<p>Sedan Sveriges EU-intr\u00e4de 1995 har politiken varit avg\u00f6rande f\u00f6r norra Sverige. Regionen, en del av det europeiska Arktis, har stora naturresurser och potential f\u00f6r gr\u00f6n omst\u00e4llning men m\u00f6ter utmaningar som l\u00e5nga avst\u00e5nd, l\u00e5g befolkningst\u00e4thet och k\u00e4nslig ekonomi. EU:s st\u00f6d har m\u00f6jliggjort strategiska satsningar och nya m\u00f6jligheter.<\/p>\n\n\n\n<p>Inf\u00f6r EU:s n\u00e4sta l\u00e5ngtidsbudget lyfter Europaforum Norra Sverige fram sammanh\u00e5llningspolitikens betydelse. EU-kommissionens Nionde sammanh\u00e5llningsrapport bekr\u00e4ftar dess roll i ekonomisk integration och v\u00e4lst\u00e5nd. F\u00f6r Sverige, d\u00e4r 70 procent av exporten g\u00e5r till EU:s inre marknad, inneb\u00e4r detta \u00f6kad handel och st\u00e4rkt ekonomi.<\/p>\n\n\n\n<p><strong>Lokal p\u00e5verkan och h\u00e5llbar utveckling<\/strong><\/p>\n\n\n\n<p>Sammanh\u00e5llningspolitiken har ocks\u00e5 gett mindre kommuner och organisationer m\u00f6jlighet att delta i EU-projekt, vilket \u00f6kat engagemang och legitimitet lokalt. Kombinationen av finansiellt st\u00f6d och strategisk styrning har bidragit till h\u00e5llbar utveckling.<\/p>\n\n\n\n<p>Investeringarna har inte bara skapat tillv\u00e4xt utan \u00e4ven bidragit till ett tryggare och mer stabilt Europa, historiskt sett. F\u00f6r norra Sverige, med l\u00e5nga avst\u00e5nd till marknader och sm\u00e5 skattebaser, \u00e4r fortsatt EU-st\u00f6d en avg\u00f6rande faktor.<\/p>\n\n\n\n<p>Rapportens tyngdpunkt ligger p\u00e5 att beskriva den l\u00e5ngsiktiga utvecklingen som skapats i norra Sverige sett \u00f6ver flera programperioder, exemplifierat med konkreta projekt. Sammanfattningsvis visar rapporten att sammanh\u00e5llningspolitiken gett &#8211; och fortsatt kan ge &#8211; norra Sverige verktyg f\u00f6r utveckling och st\u00e4rkt konkurrenskraft.<\/p>\n\n\n\n<p>L\u00e4s rapporten<\/p>\n\n\n\n<div data-wp-interactive=\"core\/file\" class=\"wp-block-file\"><object data-wp-bind--hidden=\"!state.hasPdfPreview\" hidden class=\"wp-block-file__embed\" data=\"https:\/\/europaforum.nu\/wp-content\/uploads\/2025\/04\/Mervardesrapport-om-EUs-sammanhallningspolitik-i-norra-Sverige.pdf\" type=\"application\/pdf\" style=\"width:100%;height:600px\" aria-label=\"Embed of Merva\u0308rdesrapport om EUs sammanha\u030allningspolitik i norra Sverige.\"><\/object><a id=\"wp-block-file--media-24bd78b5-1a9c-42a8-ad6e-f8a145a802ab\" href=\"https:\/\/europaforum.nu\/wp-content\/uploads\/2025\/04\/Mervardesrapport-om-EUs-sammanhallningspolitik-i-norra-Sverige.pdf\">Merva\u0308rdesrapport om EUs sammanha\u030allningspolitik i norra Sverige<\/a><a href=\"https:\/\/europaforum.nu\/wp-content\/uploads\/2025\/04\/Mervardesrapport-om-EUs-sammanhallningspolitik-i-norra-Sverige.pdf\" class=\"wp-block-file__button wp-element-button\" download aria-describedby=\"wp-block-file--media-24bd78b5-1a9c-42a8-ad6e-f8a145a802ab\">Download<\/a><\/div>\n","protected":false},"excerpt":{"rendered":"<p>En ny rapport fr\u00e5n Europaforum Norra Sverige (EFNS) \u2013 EU:s sammanh\u00e5llningspolitik i norra Sverige: En rapport om skapade merv\u00e4rden \u2013 \u00e4r nu klar. Den visar hur EU:s st\u00f6d bidragit till [&hellip;]<\/p>\n","protected":false},"author":1,"featured_media":41189,"comment_status":"open","ping_status":"open","sticky":false,"template":"","format":"standard","meta":{"_et_pb_use_builder":"off","_et_pb_old_content":"","_et_gb_content_width":"","footnotes":""},"categories":[1],"tags":[],"class_list":["post-41188","post","type-post","status-publish","format-standard","has-post-thumbnail","hentry","category-nyheter"],"_links":{"self":[{"href":"https:\/\/europaforum.nu\/index.php?rest_route=\/wp\/v2\/posts\/41188","targetHints":{"allow":["GET"]}}],"collection":[{"href":"https:\/\/europaforum.nu\/index.php?rest_route=\/wp\/v2\/posts"}],"about":[{"href":"https:\/\/europaforum.nu\/index.php?rest_route=\/wp\/v2\/types\/post"}],"author":[{"embeddable":true,"href":"https:\/\/europaforum.nu\/index.php?rest_route=\/wp\/v2\/users\/1"}],"replies":[{"embeddable":true,"href":"https:\/\/europaforum.nu\/index.php?rest_route=%2Fwp%2Fv2%2Fcomments&post=41188"}],"version-history":[{"count":1,"href":"https:\/\/europaforum.nu\/index.php?rest_route=\/wp\/v2\/posts\/41188\/revisions"}],"predecessor-version":[{"id":41191,"href":"https:\/\/europaforum.nu\/index.php?rest_route=\/wp\/v2\/posts\/41188\/revisions\/41191"}],"wp:featuredmedia":[{"embeddable":true,"href":"https:\/\/europaforum.nu\/index.php?rest_route=\/wp\/v2\/media\/41189"}],"wp:attachment":[{"href":"https:\/\/europaforum.nu\/index.php?rest_route=%2Fwp%2Fv2%2Fmedia&parent=41188"}],"wp:term":[{"taxonomy":"category","embeddable":true,"href":"https:\/\/europaforum.nu\/index.php?rest_route=%2Fwp%2Fv2%2Fcategories&post=41188"},{"taxonomy":"post_tag","embeddable":true,"href":"https:\/\/europaforum.nu\/index.php?rest_route=%2Fwp%2Fv2%2Ftags&post=41188"}],"curies":[{"name":"wp","href":"https:\/\/api.w.org\/{rel}","templated":true}]}}