{"id":41192,"date":"2025-04-06T14:14:41","date_gmt":"2025-04-06T13:14:41","guid":{"rendered":"http:\/\/europaforum.nu\/?p=41192"},"modified":"2025-04-07T10:03:13","modified_gmt":"2025-04-07T09:03:13","slug":"se-europaforum-2025-i-eferhand","status":"publish","type":"post","link":"https:\/\/europaforum.nu\/?p=41192","title":{"rendered":"Se Europaforum 2025 i efterhand"},"content":{"rendered":"\n<p><strong>Europaforum 2025 h\u00f6lls i Storlien den 3\u20134 april. Forumet lives\u00e4ndes d\u00e5, och h\u00e4r kan du \u00e4ven ta del av f\u00f6rel\u00e4sningarna och samtalen i efterhand. <\/strong><\/p>\n\n\n\n<p><strong>Nytt Europaparlament, ny EU-kommission och en ny EU-budget: Vad st\u00e5r p\u00e5 spel f\u00f6r EU i en orolig omv\u00e4rld?<\/strong><\/p>\n\n\n\n<p>G\u00f6ran von Sydow, direkt\u00f6r f\u00f6r Sieps&nbsp;&nbsp;<\/p>\n\n\n\n<figure class=\"wp-block-embed is-type-video is-provider-vimeo wp-block-embed-vimeo wp-embed-aspect-16-9 wp-has-aspect-ratio\"><div class=\"wp-block-embed__wrapper\">\n<iframe loading=\"lazy\" title=\"Nytt Europaparlament, ny EU-kommission och en ny EU-budget: Vad st\u00e5r p\u00e5 spel f\u00f6r EU i en orolig omv\u00e4rld?\" src=\"https:\/\/player.vimeo.com\/video\/1072921798?dnt=1&amp;app_id=122963\" width=\"1080\" height=\"608\" frameborder=\"0\" allow=\"autoplay; fullscreen; picture-in-picture; clipboard-write; encrypted-media\"><\/iframe>\n<\/div><\/figure>\n\n\n\n<p><\/p>\n\n\n\n<p><strong>Panelsamtal<\/strong>&nbsp;\u2013&nbsp;<strong>vad st\u00e5r p\u00e5 spel f\u00f6r EU i en orolig omv\u00e4rld?<\/strong><br>G\u00f6ran von Sydow, direkt\u00f6r f\u00f6r Sieps<br>Annika W\u00e4ppling Korzinek, chef f\u00f6r EU-kommissionen i Sverige<br>Per Johansson, chef f\u00f6r EU-parlamentets kontor i Sverige&nbsp;<br>Lars-Gunnar Nordlander (S), EFNS-rapport\u00f6r f\u00f6r Kommunf\u00f6rbundet J\u00e4mtland H\u00e4rjedalen<br>Ann \u00c5str\u00f6m (S), EFNS-rapport\u00f6r f\u00f6r V\u00e4sterbotten<\/p>\n\n\n\n<figure class=\"wp-block-embed is-type-video is-provider-vimeo wp-block-embed-vimeo wp-embed-aspect-16-9 wp-has-aspect-ratio\"><div class=\"wp-block-embed__wrapper\">\n<iframe loading=\"lazy\" title=\"Panelsamtal\u00a0\u2013\u00a0vad st\u00e5r p\u00e5 spel f\u00f6r EU i en orolig omv\u00e4rld?\" src=\"https:\/\/player.vimeo.com\/video\/1072921457?dnt=1&amp;app_id=122963\" width=\"1080\" height=\"608\" frameborder=\"0\" allow=\"autoplay; fullscreen; picture-in-picture; clipboard-write; encrypted-media\"><\/iframe>\n<\/div><\/figure>\n\n\n\n<p><\/p>\n\n\n\n<p><strong>Med krig i Europa, NATOs rolle i det nye sikkerhetspolitiske paradigmet?<\/strong><br>Arvid Halvorsen, Deputy Military Representative, NATO HQ in Brussels.<\/p>\n\n\n\n<figure class=\"wp-block-embed is-type-video is-provider-vimeo wp-block-embed-vimeo wp-embed-aspect-16-9 wp-has-aspect-ratio\"><div class=\"wp-block-embed__wrapper\">\n<iframe loading=\"lazy\" title=\"Med krig i Europa, NATOs rolle i det nye sikkerhetspolitiske paradigmet?\" src=\"https:\/\/player.vimeo.com\/video\/1072920987?dnt=1&amp;app_id=122963\" width=\"1080\" height=\"608\" frameborder=\"0\" allow=\"autoplay; fullscreen; picture-in-picture; clipboard-write; encrypted-media\"><\/iframe>\n<\/div><\/figure>\n\n\n\n<p><\/p>\n\n\n\n<p><strong>Sammanh\u00e5llningspolitiken: Hur kopplar utvecklingen av EU och dess kommande politiska inriktning till v\u00e5r geografis utmaningar och m\u00f6jligheter?&nbsp;&nbsp;<\/strong><\/p>\n\n\n\n<p><strong>Inledning:<\/strong>&nbsp;&nbsp;Mikael Janson, direkt\u00f6r, North Sweden European Office.<\/p>\n\n\n\n<figure class=\"wp-block-embed is-type-video is-provider-vimeo wp-block-embed-vimeo wp-embed-aspect-16-9 wp-has-aspect-ratio\"><div class=\"wp-block-embed__wrapper\">\n<iframe loading=\"lazy\" title=\"Sammanh\u00e5llningspolitiken: Hur kopplar utvecklingen av EU och dess kommande politiska inriktning till v\u00e5r geografis utmaningar o\" src=\"https:\/\/player.vimeo.com\/video\/1072923618?dnt=1&amp;app_id=122963\" width=\"1080\" height=\"608\" frameborder=\"0\" allow=\"autoplay; fullscreen; picture-in-picture; clipboard-write; encrypted-media\"><\/iframe>\n<\/div><\/figure>\n\n\n\n<p><\/p>\n\n\n\n<p><strong>Nul\u00e4ge kring kommande l\u00e5ngtidsbudget:<\/strong>&nbsp;Annika W\u00e4ppling Korzinek, chef f\u00f6r EU-kommissionen i Sverige.<\/p>\n\n\n\n<figure class=\"wp-block-embed is-type-video is-provider-vimeo wp-block-embed-vimeo wp-embed-aspect-16-9 wp-has-aspect-ratio\"><div class=\"wp-block-embed__wrapper\">\n<iframe loading=\"lazy\" title=\"Nul\u00e4ge kring kommande l\u00e5ngtidsbudget: Annika W\u00e4ppling Korzinek, chef f\u00f6r EU-kommissionen i Sverige.\" src=\"https:\/\/player.vimeo.com\/video\/1072923581?dnt=1&amp;app_id=122963\" width=\"1080\" height=\"608\" frameborder=\"0\" allow=\"autoplay; fullscreen; picture-in-picture; clipboard-write; encrypted-media\"><\/iframe>\n<\/div><\/figure>\n\n\n\n<p><\/p>\n\n\n\n<p><strong>Support sustainable and green development in the NSPA<\/strong><br>Stefano Barbieri, Senior Policy Advisor, OECD.&nbsp;<\/p>\n\n\n\n<figure class=\"wp-block-embed is-type-video is-provider-vimeo wp-block-embed-vimeo wp-embed-aspect-16-9 wp-has-aspect-ratio\"><div class=\"wp-block-embed__wrapper\">\n<iframe loading=\"lazy\" title=\"Support sustainable and green development in the NSPA\" src=\"https:\/\/player.vimeo.com\/video\/1072923277?dnt=1&amp;app_id=122963\" width=\"1080\" height=\"608\" frameborder=\"0\" allow=\"autoplay; fullscreen; picture-in-picture; clipboard-write; encrypted-media\"><\/iframe>\n<\/div><\/figure>\n\n\n\n<p><\/p>\n\n\n\n<p><strong>Panelsamtal utifr\u00e5n OECD-rapportens resultat (p\u00e5 engelska):<\/strong><\/p>\n\n\n\n<figure class=\"wp-block-embed is-type-video is-provider-vimeo wp-block-embed-vimeo wp-embed-aspect-16-9 wp-has-aspect-ratio\"><div class=\"wp-block-embed__wrapper\">\n<iframe loading=\"lazy\" title=\"Panelsamtal utifr\u00e5n OECD-rapportens resultat (p\u00e5 engelska):\" src=\"https:\/\/player.vimeo.com\/video\/1072923146?dnt=1&amp;app_id=122963\" width=\"1080\" height=\"608\" frameborder=\"0\" allow=\"autoplay; fullscreen; picture-in-picture; clipboard-write; encrypted-media\"><\/iframe>\n<\/div><\/figure>\n\n\n\n<p><\/p>\n\n\n\n<p><strong>Nu g\u00e4ller det \u2013 vilka strategier ser vi f\u00f6r att engagera EU i norra Sveriges utveckling?<\/strong>&nbsp;<\/p>\n\n\n\n<p>Rickard Carstedt (S), EFNS-rapport\u00f6r f\u00f6r V\u00e4sterbotten<br>Isak Utsi (S), EFNS-rapport\u00f6r f\u00f6r Norrbotten<strong>&nbsp;&nbsp;&nbsp;<\/strong><br>Anders \u00d6berg (S), EFNS-rapport\u00f6r f\u00f6r Norrbotten<strong>&nbsp;&nbsp;<\/strong><\/p>\n\n\n\n<figure class=\"wp-block-embed is-type-video is-provider-vimeo wp-block-embed-vimeo wp-embed-aspect-16-9 wp-has-aspect-ratio\"><div class=\"wp-block-embed__wrapper\">\n<iframe loading=\"lazy\" title=\"Nu g\u00e4ller det \u2013 vilka strategier ser vi f\u00f6r att engagera EU i norra Sveriges utveckling?\" src=\"https:\/\/player.vimeo.com\/video\/1072922880?dnt=1&amp;app_id=122963\" width=\"1080\" height=\"608\" frameborder=\"0\" allow=\"autoplay; fullscreen; picture-in-picture; clipboard-write; encrypted-media\"><\/iframe>\n<\/div><\/figure>\n\n\n\n<p><\/p>\n\n\n\n<p><strong>Den biobaserade ekonomin<\/strong><\/p>\n\n\n\n<p>Jonas Sj\u00f6stedt (V), EU-parlamentariker&nbsp;<\/p>\n\n\n\n<figure class=\"wp-block-embed is-type-video is-provider-vimeo wp-block-embed-vimeo wp-embed-aspect-16-9 wp-has-aspect-ratio\"><div class=\"wp-block-embed__wrapper\">\n<iframe loading=\"lazy\" title=\"Den biobaserade ekonomin - Jonas Sj\u00f6stedt (V), EU-parlamentariker\" src=\"https:\/\/player.vimeo.com\/video\/1072922815?dnt=1&amp;app_id=122963\" width=\"1080\" height=\"608\" frameborder=\"0\" allow=\"autoplay; fullscreen; picture-in-picture; clipboard-write; encrypted-media\"><\/iframe>\n<\/div><\/figure>\n\n\n\n<p><\/p>\n\n\n\n<p>Magnus Nilsson, klimatpolitisk analytiker.&nbsp;&nbsp;<\/p>\n\n\n\n<figure class=\"wp-block-embed is-type-video is-provider-vimeo wp-block-embed-vimeo wp-embed-aspect-16-9 wp-has-aspect-ratio\"><div class=\"wp-block-embed__wrapper\">\n<iframe loading=\"lazy\" title=\"Den biobaserade ekonomin - Magnus Nilsson, klimatpolitisk analytiker\" src=\"https:\/\/player.vimeo.com\/video\/1072922630?dnt=1&amp;app_id=122963\" width=\"1080\" height=\"608\" frameborder=\"0\" allow=\"autoplay; fullscreen; picture-in-picture; clipboard-write; encrypted-media\"><\/iframe>\n<\/div><\/figure>\n\n\n\n<p><\/p>\n\n\n\n<p><strong>Hur kan f\u00f6retagen \u2013 och samh\u00e4llet i stort \u2013 utnyttja ny EU-lagstiftning p\u00e5 klimat- och milj\u00f6omr\u00e5det f\u00f6r att skapa konkurrenskraft och resiliens?<\/strong><br>Magnus Nilsson, klimatpolitisk analytiker.<\/p>\n\n\n\n<figure class=\"wp-block-embed is-type-video is-provider-vimeo wp-block-embed-vimeo wp-embed-aspect-16-9 wp-has-aspect-ratio\"><div class=\"wp-block-embed__wrapper\">\n<iframe loading=\"lazy\" title=\"Hur kan f\u00f6retagen \u2013 och samh\u00e4llet i stort \u2013 utnyttja ny EU-lagstiftning p\u00e5 klima\" src=\"https:\/\/player.vimeo.com\/video\/1072922534?dnt=1&amp;app_id=122963\" width=\"1080\" height=\"608\" frameborder=\"0\" allow=\"autoplay; fullscreen; picture-in-picture; clipboard-write; encrypted-media\"><\/iframe>\n<\/div><\/figure>\n\n\n\n<p><\/p>\n\n\n\n<p><strong>Hur p\u00e5verkar klimatlagstiftning Fit for 55 konkurrenskraften i norra Sverige? Och vad kan vi f\u00f6rv\u00e4nta oss fram\u00e5t av EU inom omr\u00e5det?<\/strong><br>Fredrik Gisselman, n\u00e4ringslivsstrateg p\u00e5 Region V\u00e4sternorrland.<\/p>\n\n\n\n<figure class=\"wp-block-embed is-type-video is-provider-vimeo wp-block-embed-vimeo wp-embed-aspect-16-9 wp-has-aspect-ratio\"><div class=\"wp-block-embed__wrapper\">\n<iframe loading=\"lazy\" title=\"Hur p\u00e5verkar klimatlagstiftning Fit for 55 konkurrenskraften i norra Sverige? Och vad kan vi f\u00f6rv\u00e4nta oss fram\u00e5t av EU\" src=\"https:\/\/player.vimeo.com\/video\/1072922410?dnt=1&amp;app_id=122963\" width=\"1080\" height=\"608\" frameborder=\"0\" allow=\"autoplay; fullscreen; picture-in-picture; clipboard-write; encrypted-media\"><\/iframe>\n<\/div><\/figure>\n\n\n\n<p><\/p>\n\n\n\n<p><strong>Tr\u00f8ndelags strategi och satsningar p\u00e5 industriell symbios skapar konkurrenskraft och resiliens i norsk industri.<\/strong><br>Lillian Strand, Tr\u00f8ndelag fylkeskommune<\/p>\n\n\n\n<figure class=\"wp-block-embed is-type-video is-provider-vimeo wp-block-embed-vimeo wp-embed-aspect-16-9 wp-has-aspect-ratio\"><div class=\"wp-block-embed__wrapper\">\n<iframe loading=\"lazy\" title=\"Tr\u00f8ndelags strategi och satsningar p\u00e5 industriell symbios skapar konkurrenskraft och resiliens i norsk industri\" src=\"https:\/\/player.vimeo.com\/video\/1072922213?dnt=1&amp;app_id=122963\" width=\"1080\" height=\"608\" frameborder=\"0\" allow=\"autoplay; fullscreen; picture-in-picture; clipboard-write; encrypted-media\"><\/iframe>\n<\/div><\/figure>\n\n\n\n<p><\/p>\n\n\n\n<p><strong>Nyordning i EU \u2013 hur vill det nya Parlamentet koppla samman n\u00e4ringslivspolitiken med Parisavtalet f\u00f6r att st\u00e4rka EU:s konkurrenskraft?<\/strong><br>Jonas Sj\u00f6stedt (V), EU-parlamentariker<\/p>\n\n\n\n<figure class=\"wp-block-embed is-type-video is-provider-vimeo wp-block-embed-vimeo wp-embed-aspect-16-9 wp-has-aspect-ratio\"><div class=\"wp-block-embed__wrapper\">\n<iframe loading=\"lazy\" title=\"Nyordning i EU \u2013 hur vill det nya Parlamentet koppla samman n\u00e4ringslivspolitiken med Parisavtalet f\u00f6r att st\u00e4rka EU:s\" src=\"https:\/\/player.vimeo.com\/video\/1072922066?dnt=1&amp;app_id=122963\" width=\"1080\" height=\"608\" frameborder=\"0\" allow=\"autoplay; fullscreen; picture-in-picture; clipboard-write; encrypted-media\"><\/iframe>\n<\/div><\/figure>\n","protected":false},"excerpt":{"rendered":"<p>Europaforum 2025 h\u00f6lls i Storlien den 3\u20134 april. Forumet lives\u00e4ndes d\u00e5, och h\u00e4r kan du \u00e4ven ta del av f\u00f6rel\u00e4sningarna och samtalen i efterhand. Nytt Europaparlament, ny EU-kommission och en [&hellip;]<\/p>\n","protected":false},"author":1,"featured_media":41009,"comment_status":"open","ping_status":"open","sticky":false,"template":"","format":"standard","meta":{"_et_pb_use_builder":"off","_et_pb_old_content":"","_et_gb_content_width":"","footnotes":""},"categories":[1],"tags":[],"class_list":["post-41192","post","type-post","status-publish","format-standard","has-post-thumbnail","hentry","category-nyheter"],"_links":{"self":[{"href":"https:\/\/europaforum.nu\/index.php?rest_route=\/wp\/v2\/posts\/41192","targetHints":{"allow":["GET"]}}],"collection":[{"href":"https:\/\/europaforum.nu\/index.php?rest_route=\/wp\/v2\/posts"}],"about":[{"href":"https:\/\/europaforum.nu\/index.php?rest_route=\/wp\/v2\/types\/post"}],"author":[{"embeddable":true,"href":"https:\/\/europaforum.nu\/index.php?rest_route=\/wp\/v2\/users\/1"}],"replies":[{"embeddable":true,"href":"https:\/\/europaforum.nu\/index.php?rest_route=%2Fwp%2Fv2%2Fcomments&post=41192"}],"version-history":[{"count":4,"href":"https:\/\/europaforum.nu\/index.php?rest_route=\/wp\/v2\/posts\/41192\/revisions"}],"predecessor-version":[{"id":41200,"href":"https:\/\/europaforum.nu\/index.php?rest_route=\/wp\/v2\/posts\/41192\/revisions\/41200"}],"wp:featuredmedia":[{"embeddable":true,"href":"https:\/\/europaforum.nu\/index.php?rest_route=\/wp\/v2\/media\/41009"}],"wp:attachment":[{"href":"https:\/\/europaforum.nu\/index.php?rest_route=%2Fwp%2Fv2%2Fmedia&parent=41192"}],"wp:term":[{"taxonomy":"category","embeddable":true,"href":"https:\/\/europaforum.nu\/index.php?rest_route=%2Fwp%2Fv2%2Fcategories&post=41192"},{"taxonomy":"post_tag","embeddable":true,"href":"https:\/\/europaforum.nu\/index.php?rest_route=%2Fwp%2Fv2%2Ftags&post=41192"}],"curies":[{"name":"wp","href":"https:\/\/api.w.org\/{rel}","templated":true}]}}