{"id":41231,"date":"2025-06-18T12:39:15","date_gmt":"2025-06-18T11:39:15","guid":{"rendered":"https:\/\/europaforum.nu\/?p=41231"},"modified":"2025-06-18T12:39:54","modified_gmt":"2025-06-18T11:39:54","slug":"save-the-date-europaforum-2026-i-kiruna","status":"publish","type":"post","link":"https:\/\/europaforum.nu\/?p=41231","title":{"rendered":"SAVE THE DATE &#8211; Europaforum 2026 i Kiruna"},"content":{"rendered":"\n<p>Reservera g\u00e4rna redan nu datumen 7-8 maj i din kalender. D\u00e5 \u00e4r det dags f\u00f6r norra Sveriges st\u00f6rsta \u00e5rliga konferens f\u00f6r EU-fr\u00e5gor. Temat \u00e5r 2026 \u00e4r Platsens betydelse f\u00f6r EU:s konkurrenskraft.<\/p>\n\n\n\n<p>Under forumet kan du lyssna p\u00e5 beslutsfattare fr\u00e5n EU och nationell niv\u00e5 i dialog med regionala och lokala politiker. Du kan ocks\u00e5 sj\u00e4lv vara med i samtal f\u00f6r att f\u00e5 nya perspektiv p\u00e5 dessa fr\u00e5gor.<\/p>\n\n\n\n<p>Varmt v\u00e4lkommen till tv\u00e5 intressanta dagar \u2013 fr\u00e5n lunch till lunch \u2013 p\u00e5 Aurora kultur &amp; kongress i Kiruna kommun. Boka g\u00e4rna upp \u00e4ven den 6 maj d\u00e5 vi kommer att erbjuda ett intressant bes\u00f6ksprogram.<\/p>\n\n\n\n<p>Mer information om programmet och anm\u00e4lan kommer l\u00e4ngre fram.<\/p>\n","protected":false},"excerpt":{"rendered":"<p>Reservera g\u00e4rna redan nu datumen 7-8 maj i din kalender. D\u00e5 \u00e4r det dags f\u00f6r norra Sveriges st\u00f6rsta \u00e5rliga konferens f\u00f6r EU-fr\u00e5gor. Temat \u00e5r 2026 \u00e4r Platsens betydelse f\u00f6r EU:s [&hellip;]<\/p>\n","protected":false},"author":4,"featured_media":41223,"comment_status":"open","ping_status":"open","sticky":false,"template":"","format":"standard","meta":{"_et_pb_use_builder":"","_et_pb_old_content":"","_et_gb_content_width":"","footnotes":""},"categories":[1],"tags":[],"class_list":["post-41231","post","type-post","status-publish","format-standard","has-post-thumbnail","hentry","category-nyheter"],"_links":{"self":[{"href":"https:\/\/europaforum.nu\/index.php?rest_route=\/wp\/v2\/posts\/41231","targetHints":{"allow":["GET"]}}],"collection":[{"href":"https:\/\/europaforum.nu\/index.php?rest_route=\/wp\/v2\/posts"}],"about":[{"href":"https:\/\/europaforum.nu\/index.php?rest_route=\/wp\/v2\/types\/post"}],"author":[{"embeddable":true,"href":"https:\/\/europaforum.nu\/index.php?rest_route=\/wp\/v2\/users\/4"}],"replies":[{"embeddable":true,"href":"https:\/\/europaforum.nu\/index.php?rest_route=%2Fwp%2Fv2%2Fcomments&post=41231"}],"version-history":[{"count":2,"href":"https:\/\/europaforum.nu\/index.php?rest_route=\/wp\/v2\/posts\/41231\/revisions"}],"predecessor-version":[{"id":41233,"href":"https:\/\/europaforum.nu\/index.php?rest_route=\/wp\/v2\/posts\/41231\/revisions\/41233"}],"wp:featuredmedia":[{"embeddable":true,"href":"https:\/\/europaforum.nu\/index.php?rest_route=\/wp\/v2\/media\/41223"}],"wp:attachment":[{"href":"https:\/\/europaforum.nu\/index.php?rest_route=%2Fwp%2Fv2%2Fmedia&parent=41231"}],"wp:term":[{"taxonomy":"category","embeddable":true,"href":"https:\/\/europaforum.nu\/index.php?rest_route=%2Fwp%2Fv2%2Fcategories&post=41231"},{"taxonomy":"post_tag","embeddable":true,"href":"https:\/\/europaforum.nu\/index.php?rest_route=%2Fwp%2Fv2%2Ftags&post=41231"}],"curies":[{"name":"wp","href":"https:\/\/api.w.org\/{rel}","templated":true}]}}