{"id":41255,"date":"2025-08-18T13:30:56","date_gmt":"2025-08-18T12:30:56","guid":{"rendered":"https:\/\/europaforum.nu\/?p=41255"},"modified":"2025-08-18T13:30:57","modified_gmt":"2025-08-18T12:30:57","slug":"europaforum-norra-sveriges-synpunkter-om-framtidens-sammanhallningspolitik","status":"publish","type":"post","link":"https:\/\/europaforum.nu\/?p=41255","title":{"rendered":"Europaforum Norra Sveriges synpunkter om framtidens sammanh\u00e5llningspolitik"},"content":{"rendered":"\n<p><strong>Positionen i korthet<\/strong><\/p>\n\n\n\n<ul class=\"wp-block-list\">\n<li><strong>L\u00e5ngsiktighet f\u00f6r en effektfull och resultatorienterad sammanh\u00e5llningspolitik<\/strong>: Sammanh\u00e5llningspolitiken beh\u00f6ver f\u00f6rbli l\u00e5ngsiktig och platsbaserad f\u00f6r att skapa verklig regional utveckling. F\u00f6renklade regler och resultatfokus beh\u00f6vs \u2013 men med h\u00e4nsyn till sm\u00e5 akt\u00f6rer och behovet av innovativa projekt.<\/li>\n\n\n\n<li><strong>Europeisk s\u00e4kerhet och robust konkurrenskraft byggs regionalt och lokalt<\/strong>: Norra Sverige \u00e4r strategiskt viktigt f\u00f6r hela EU. Gleshetsallokeringen m\u00e5ste bevaras f\u00f6r att m\u00f6jligg\u00f6ra utveckling som utg\u00e5r ifr\u00e5n platsens unika f\u00f6ruts\u00e4ttningar och st\u00e4rker b\u00e5de konkurrenskraft och motst\u00e5ndskraft.<\/li>\n\n\n\n<li><strong>En platsbaserad ansats utifr\u00e5n flerniv\u00e5styre kr\u00e4vs f\u00f6r att g\u00f6ra r\u00e4tt saker p\u00e5 r\u00e4tt niv\u00e5: <\/strong>Regionalt inflytande och en stark partnerskapsprincip \u00e4r avg\u00f6rande f\u00f6r en effektiv politik. Regionala strategier f\u00f6r smart specialisering och lokal kunskap beh\u00f6vs f\u00f6r att styra investeringar och reformer utifr\u00e5n verkliga behov.<\/li>\n<\/ul>\n\n\n\n<p><strong>Inledning<\/strong><\/p>\n\n\n\n<p>Inf\u00f6r f\u00f6rhandlingarna om EU:s n\u00e4sta l\u00e5ngtidsbudget och med de p\u00e5g\u00e5ende diskussionerna om \u00e4ndringar i innevarande programperiod st\u00e5r unionen inf\u00f6r avg\u00f6rande beslut om vilka politikomr\u00e5den och investeringsverktyg som ska prioriteras och hur de ska utformas. Detta sker i en tid av geopolitiska f\u00f6r\u00e4ndringar som har aktualiserat behovet av att st\u00e4rka EU:s strategiska autonomi, motst\u00e5ndskraft och beredskap. Samtidigt beh\u00f6ver unionen st\u00e4rka sin konkurrenskraft samt forts\u00e4tta den gr\u00f6na och digitala omst\u00e4llningen.<\/p>\n\n\n\n<p>F\u00f6r att EU ska kunna m\u00f6ta dessa utmaningar och prioriteringar \u00e4r det avg\u00f6rande att unionens resurser anv\u00e4nds p\u00e5 ett klokt och effektivt s\u00e4tt. Europaforum Norra Sverige vill d\u00e4rf\u00f6r bidra konstruktivt till f\u00f6rhandlingarna om EU:s kommande l\u00e5ngtidsbudget genom att presentera sin samlade syn p\u00e5 framtidens sammanh\u00e5llningspolitik \u2013 och hur den b\u00e4st kan utformas f\u00f6r att st\u00f6dja EU:s nya ambitioner.<\/p>\n\n\n\n<p>F\u00f6r norra Sverige har sammanh\u00e5llningspolitiken varit avg\u00f6rande f\u00f6r det regionala utvecklingsarbetet. &nbsp;Den merv\u00e4rdesrapport som EFNS tagit fram visar hur EU:s regionalst\u00f6d bidragit till att utveckla regionens ekonomiska struktur, st\u00e4rka lokala samh\u00e4llen och \u00f6ka innovationsf\u00f6rm\u00e5gan samtidigt som investeringarna bidragit till att st\u00f6dja EU:s gemensamma prioriteringar. Trots dessa framsteg \u00e5terst\u00e5r dock utmaningar. Gles befolkning, l\u00e5nga avst\u00e5nd till st\u00f6rre marknader, sm\u00e5 lokala skattebaser och begr\u00e4nsade ekonomiska resurser g\u00f6r att en fortsatt stark och l\u00e5ngsiktig sammanh\u00e5llningspolitik \u00e4r avg\u00f6rande f\u00f6r norra Sveriges utveckling \u2013 och i f\u00f6rl\u00e4ngningen \u00e4ven f\u00f6r ett starkare, s\u00e4krare och mer konkurrenskraftigt EU. Sammanh\u00e5llningspolitikens betydelse f\u00f6r att hantera utmaningar och frig\u00f6ra utvecklingspotentialer lyfts ocks\u00e5 fram i OECD:s studie om Europas nordliga och glesbefolkade omr\u00e5den som antogs 2025.<\/p>\n\n\n\n<p>EFNS merv\u00e4rdesrapport visar ocks\u00e5 hur sammanh\u00e5llningspolitiken st\u00e4rker motst\u00e5ndskraften i samh\u00e4llena i norra Sverige och det europeiska Arktis. Insatser som f\u00f6rb\u00e4ttrar m\u00e4nniskors m\u00f6jligheter att leva, bo och arbeta i regionen \u00e4r inte bara viktiga ur ekonomisk synpunkt utan \u00e4ven en avg\u00f6rande f\u00f6ruts\u00e4ttning f\u00f6r en tryggare, s\u00e4krare och uth\u00e5lligare region i en alltmer instabil omv\u00e4rld.<\/p>\n\n\n\n<p>EFNS vill d\u00e4rf\u00f6r se en fortsatt stark och l\u00e5ngsiktig sammanh\u00e5llningspolitik, som utformas tillsammans med regionerna \u2013 f\u00f6r ett starkare norra Sverige och i f\u00f6rl\u00e4ngningen \u00e4ven f\u00f6r ett starkare, s\u00e4krare och mer konkurrenskraftigt EU.<\/p>\n\n\n\n<p><strong>L\u00e5ngsiktighet f\u00f6r en effektfull och resultatorienterad sammanh\u00e5llningspolitik<\/strong><\/p>\n\n\n\n<p>Sammanh\u00e5llningspolitikens strategiska och l\u00e5ngsiktiga ansats som kopplar samman lokala och regionala insatser med EU:s \u00f6vergripande m\u00e5l \u00e4r en central utg\u00e5ngspunkt som gjort politiken effektfull \u00f6ver tid.<\/p>\n\n\n\n<p>EFNS f\u00f6rordar att den l\u00e5ngsiktiga och platsbaserade inriktningen \u00e4ven pr\u00e4glar sammanh\u00e5llningspolitiken framgent, d\u00e5 den s\u00e4kerst\u00e4ller \u00e4ndam\u00e5lsenliga investeringar som ger verklig genomslagskraft regionalt och lokalt, samtidigt som det ger effekter p\u00e5 EU-niv\u00e5.&nbsp; Hela syftet med EU:s regionalst\u00f6d \u00e4r att strukturellt omvandla regionala ekonomier f\u00f6r att \u00f6ka tillv\u00e4xt och syssels\u00e4ttning, vilket kr\u00e4ver l\u00e5ngsiktiga perspektiv. En l\u00e5ngsiktig och platsbaserad sammanh\u00e5llningspolitik bidrar till EU:s konkurrenskraft genom att m\u00f6jligg\u00f6ra investeringar i kapacitetsuppbyggnad utifr\u00e5n lokala och regionala f\u00f6ruts\u00e4ttningar som i sin tur fr\u00e4mjar \u00f6kat deltagande i de globala v\u00e4rdekedjor och den inre marknaden. Tack vare m\u00f6jligheten att genomf\u00f6ra l\u00e5ngsiktiga satsningar har regionalst\u00f6den m\u00f6jliggjort utveckling av lokala innovationsekosystem som attraherar kapital och investeringar. Det har lett till att norra Sveriges f\u00f6retag och akt\u00f6rer kan delta i den omst\u00e4llning som nu kr\u00e4vs f\u00f6r Europas tillv\u00e4xt.<\/p>\n\n\n\n<p>EFNS st\u00f6djer id\u00e9erna om en sammanh\u00e5llningspolitik som \u00e4r mer resultatorienterad. Det kan handla om ut\u00f6kad anv\u00e4ndning av f\u00f6renklade kostnadsalternativ och milstolpe-baserad finansiering f\u00f6r att p\u00e5skynda genomf\u00f6randet och f\u00f6rb\u00e4ttra uppf\u00f6ljningen. En mer resultatbaserad modell beh\u00f6ver dock balanseras med h\u00e4nsyn till minde akt\u00f6rers svagare ekonomiska st\u00e4llning och de risker som kan uppst\u00e5 om de tvingas uppfylla f\u00f6r sn\u00e4va och strikta resultatkrav. EFNS anser ocks\u00e5 att det \u00e4r avg\u00f6rande att v\u00e4rna m\u00f6jligheten att genomf\u00f6ra innovativa projekt, \u00e4ven n\u00e4r resultaten \u00e4r os\u00e4kra, s\u00e5 l\u00e4nge de baseras p\u00e5 en v\u00e4lgrundad plan f\u00f6r att hantera utmaningar och ta vara p\u00e5 m\u00f6jligheter. Denna m\u00f6jlighet riskerar att g\u00e5 f\u00f6rlorad i en alltf\u00f6r strikt resultatbaserad modell.<\/p>\n\n\n\n<p>EFNS ser \u00e4ven att genomf\u00f6randet av sammanh\u00e5llningspolitiken kan f\u00f6renklas och p\u00e5skyndas genom att de administrativa kraven minskas. \u00c4ven om norra Sverige best\u00e5r av v\u00e4lfungerande samh\u00e4llen, handlar det om sm\u00e5 administrativa enheter som ska t\u00e4cka enorma geografiska omr\u00e5den med m\u00e5nga sm\u00e5 enskilda akt\u00f6rer som beh\u00f6ver st\u00f6d och incitament f\u00f6r att utveckla sig och sina n\u00e4ringar. D\u00e4rf\u00f6r \u00e4r det viktigt att st\u00f6dsystemen \u00e4r enkla, flexibla och anpassningsbara. Det \u00e4r ocks\u00e5 viktigt att EU:s medfinansieringsgrad inte s\u00e4nks ytterligare, eftersom detta skulle skapa sv\u00e5righeter f\u00f6r mindre och resurssvaga akt\u00f6rer och riskera att minska intresset f\u00f6r EU-st\u00f6d.<\/p>\n\n\n\n<p>EFNS anser det ocks\u00e5 vara viktigt att regionalst\u00f6d som \u00e4nnu inte upparbetas inte betraktas som en finansiell reserv f\u00f6r europeiska eller nationella kris\u00e5tg\u00e4rder. Om det finns behov av att omf\u00f6rdela strukturfonder f\u00f6r att hantera exceptionella och of\u00f6rutsedda omst\u00e4ndigheter, b\u00f6r detta g\u00f6ras med aktiv deltagande fr\u00e5n regional och lokal niv\u00e5, i enlighet med partnerskapsprincipen, f\u00f6r att undvika att \u00e4ventyra l\u00e5ngsiktiga m\u00e5l. F\u00f6r att sammanh\u00e5llningspolitiken b\u00e4ttre ska kunna m\u00f6ta f\u00f6r\u00e4ndrade f\u00f6ruts\u00e4ttningar vill EFNS se en st\u00f6rre flexibilitet inom befintliga strukturfonder. Detta inneb\u00e4r bland annat att sn\u00e4va m\u00e5l och hinder ers\u00e4tts av en bredare upps\u00e4ttning policym\u00e5l som kan anv\u00e4ndas, anpassas och styras under programperioden utifr\u00e5n potentiella f\u00f6r\u00e4ndringar i regionala och lokala behov. Det skulle fr\u00e4mja en utmaningsdriven logik d\u00e4r insatser anpassas efter f\u00f6r\u00e4ndrade f\u00f6ruts\u00e4ttningar samt m\u00f6jligg\u00f6ra anpassade \u00e5tg\u00e4rder i samband med kriser som har en oj\u00e4mn inverkan b\u00e5de mellan och inom regioner.<\/p>\n\n\n\n<p><strong><br>Europeisk s\u00e4kerhet och robust konkurrenskraft byggs regionalt och lokalt<\/strong><\/p>\n\n\n\n<p>Norra Sverige \u00e4r mer \u00e4n en avl\u00e4gsen region i Europas utkant \u2013 det \u00e4r en strategisk frontlinje i det europeiska Arktis, en region d\u00e4r geopolitiska f\u00f6r\u00e4ndringar och v\u00e4xande stormaktsintressen utmanar bilden av Arktis som en l\u00e5gsp\u00e4nningszon. EFNS vill betona att s\u00e4kerhet \u00e4r mer \u00e4n milit\u00e4ra f\u00f6rm\u00e5gor \u2013&nbsp; det handlar ocks\u00e5 om livskraftiga samh\u00e4llen. Utan v\u00e4l fungerande infrastruktur, n\u00e4ringsliv och samh\u00e4llstj\u00e4nster kan varken milit\u00e4r mobilitet, materialf\u00f6rs\u00f6rjning eller l\u00e5ngsiktig stabilitet uppr\u00e4tth\u00e5llas i denna strategiskt viktiga del av Europa. En l\u00e5ngsiktig och uth\u00e5llig politik \u00e4r en n\u00f6dv\u00e4ndighet f\u00f6r att m\u00e4nniskor ska kunna bo, leva och verka i den arktiska regionen med l\u00e5g befolkningst\u00e4thet, l\u00e5nga avst\u00e5nd, kr\u00e4vande klimat och begr\u00e4nsade finansiella resurser. D\u00e4rf\u00f6r beh\u00f6ver sammanh\u00e5llningspolitiken \u00e4ven fortsatt utg\u00e5 fr\u00e5n omr\u00e5dets ekonomiska, sociala och territoriella f\u00f6ruts\u00e4ttningar, b\u00e5de f\u00f6r att skapa konkurrenskraft och f\u00f6r s\u00e4kerhet.<\/p>\n\n\n\n<p>EFNS vill s\u00e4rskilt lyfta vikten av den extra allokering av EU:s regionalst\u00f6d som landets fyra nordligaste regioner mottagit sedan Sveriges intr\u00e4de i EU. Denna s\u00e5 kallade gleshetsallokering har tilldelats med st\u00f6d fr\u00e5n artikel 174 i Lissabonf\u00f6rdraget och protokoll 6 i Sveriges anslutningsf\u00f6rdrag, som b\u00e5da erk\u00e4nner regionens unika strukturella utmaningar. F\u00f6r norra Sveriges del \u00e4r st\u00f6det avg\u00f6rande f\u00f6r att kunna genomf\u00f6ra investeringar i infrastruktur, n\u00e4ringsliv och samh\u00e4lle s\u00e5 att norra Sverige kan forts\u00e4tta utvecklas till gagn f\u00f6r hela EU.<\/p>\n\n\n\n<p>EFNS noterar att i diskussioner om EU:s strategiska prioriteringar tenderar ett stort fokus att l\u00e4ggas p\u00e5 specifika teknik- och sektorsomr\u00e5den medan den territoriella dimensionen ofta f\u00f6rbises. EFNS vill d\u00e4rf\u00f6r p\u00e5minna om att sammanh\u00e5llningspolitiken samlar flera olika politikomr\u00e5den \u2013 s\u00e5som konkurrenskraft, forskning, kompetensf\u00f6rs\u00f6rjning, transport och klimat \u2013 samtidigt som det fokuserar p\u00e5 territorierna. Sammanh\u00e5llningspolitikens anv\u00e4ndning av regionala strategier f\u00f6r smart specialisering g\u00f6r att norra Sveriges unika styrkor och f\u00f6ruts\u00e4ttningar \u2013 s\u00e5som naturresurser, avancerad infrastruktur och specifik kompetens \u2013 b\u00e4ttre kan anv\u00e4ndas f\u00f6r att utveckla nya nischer och aff\u00e4rsomr\u00e5den, i linje med EU:s \u00f6vergripande prioriteringar avseende konkurrenskraft samt gr\u00f6n och digital omst\u00e4llning. Detta f\u00f6rh\u00e5llningss\u00e4tt till platsens specifika f\u00f6ruts\u00e4ttningar g\u00f6r att sammanh\u00e5llningspolitiken utg\u00f6r EU:s fr\u00e4msta verktyg f\u00f6r att s\u00e4kerst\u00e4lla att EU:s m\u00e5ls\u00e4ttningar oms\u00e4tts i praktiken p\u00e5 lokal och regional niv\u00e5.&nbsp;<\/p>\n\n\n\n<p>EFNS anser att det \u00e4r viktigt att f\u00f6rb\u00e4ttra koordineringen mellan EU:s olika politikomr\u00e5den och fonder f\u00f6r att p\u00e5 s\u00e5 s\u00e4tt \u00f6ka l\u00e5ngtidsbudgetens effektivitet och flexibilitet. EFNS f\u00f6rordar d\u00e4rf\u00f6r \u00f6kade synergier mellan Regionalfonden, Socialfonden och Landsbygdsutvecklingsfonden f\u00f6r att skapa en mer sammanh\u00e5llen utvecklingspolitik. Det skulle kunna m\u00f6jligg\u00f6ra en kritisk massa av investeringar som kopplar samman lokal kapacitetsuppbyggnad med \u00e5tg\u00e4rder som fr\u00e4mjar EU:s strategiska prioriteringar. Det kan ocks\u00e5 bidra till att f\u00f6renkla de administrativa b\u00f6rdorna f\u00f6r b\u00e5de st\u00f6dmottagare och f\u00f6rvaltningsmyndigheter som i nul\u00e4get beh\u00f6ver hantera olika regelverk och separata strukturer. Som ett led i str\u00e4van efter f\u00f6renkling och \u00f6kad effektivitet vill EFNS \u00e4ven f\u00f6rorda \u00f6kad anv\u00e4ndning av integrerade territoriella strategier (ITI) och lokalt ledd utveckling (CLLD) som \u00e4r verktyg f\u00f6r att fr\u00e4mja utvecklingsf\u00f6rm\u00e5ga i alla EU:s&nbsp;geografier, inklusive det glesbefolkade nordligaste Europa. \u00d6kad anv\u00e4ndning av dessa verktyg kan skapa b\u00e4ttre synergier mellan olika finansieringsk\u00e4llor och frig\u00f6ra potentialer f\u00f6r arbete med regional och subregional smart specialisering till f\u00f6rdel f\u00f6r EU-gemensamma prioriteringar.<\/p>\n\n\n\n<p><strong>En platsbaserad ansats utifr\u00e5n flerniv\u00e5styre kr\u00e4vs f\u00f6r att g\u00f6ra r\u00e4tt saker p\u00e5 r\u00e4tt niv\u00e5<\/strong><\/p>\n\n\n\n<p>Alla insatser f\u00f6r att inf\u00f6rliva EU:s strategiska m\u00e5l kommer att genomf\u00f6ras i en lokal och regional kontext. D\u00e4rf\u00f6r beh\u00f6ver en platsbaserad ansats utg\u00f6ra en grundpelare ocks\u00e5 i en reformerad sammanh\u00e5llningspolitik. EFNS vill se en platsbaserad ansats och regionala partnerskap \u00e4ven i framtidens sammanh\u00e5llningspolitik. En centralisering av sammanh\u00e5llningspolitiken som utg\u00e5r fr\u00e5n nationella kuvert kommer inte att f\u00e5nga de verkliga behoven i olika delar av EU. Det kan till och med vara kontraproduktivt att inte utg\u00e5 fr\u00e5n platsens specifika f\u00f6ruts\u00e4ttningar f\u00f6r att hantera faktiska flaskhalsar och tr\u00f6sklar i varje region och \u00e4ven p\u00e5 subregional niv\u00e5, eftersom skillnaderna idag ofta \u00e4r st\u00f6rre inom \u00e4n mellan regioner och nationer.<\/p>\n\n\n\n<p>Erfarenheterna fr\u00e5n norra Sverige visar ocks\u00e5 att regionala program inom exempelvis Europeiska regionala utvecklingsfonden (ERUF) har fungerat bra, medan det nationella ERUF-programmet har haft problem med absorberingsf\u00f6rm\u00e5gan. Regionalt inflytande \u00f6ver programutformningen s\u00e4kerst\u00e4ller en platsbaserad ansats, vilket g\u00f6r att prioriterade \u00e5tg\u00e4rder \u00e4r f\u00f6rankrade i lokala och regionala f\u00f6ruts\u00e4ttningar. Detta leder till mer effektiva och \u00e4ndam\u00e5lsenliga insatser samtidigt som det ger kraft och incitament f\u00f6r norra Sverige att forts\u00e4tta utvecklas \u2013 till nytta f\u00f6r Sverige och hela EU.<\/p>\n\n\n\n<p>Det samspel mellan EU-kommissionen och medlemsl\u00e4nder som i h\u00f6gre utstr\u00e4ckning v\u00e4ntas utg\u00e5 fr\u00e5n den europeiska planeringsterminen och andra koordineringsmekanismer p\u00e5 EU-niv\u00e5 m\u00e5ste \u00e4ven inkludera en regional dimension f\u00f6r att s\u00e4kerst\u00e4lla en styrning som utg\u00e5r fr\u00e5n faktiska f\u00f6rh\u00e5llanden. Detta kr\u00e4ver en aktiv dialog med regional niv\u00e5 och kan inte ers\u00e4ttas enbart med aggregerad statistik som visar regionala f\u00f6ruts\u00e4ttningar. Traditionella m\u00e5tt som BRP och andra ekonomiska medelv\u00e4rden f\u00e5ngar inte viktiga regionala och inomregionala aspekter s\u00e5som gleshet, l\u00e5nga avst\u00e5nd och liten egen kritisk massa. F\u00f6r att hantera dessa specifika utmaningar kr\u00e4vs den kunskap som finns p\u00e5 lokal och regional niv\u00e5, i dialog och partnerskap med nationell niv\u00e5 och EU f\u00f6r relevanta st\u00f6dsystem och investeringsverktyg. EFNS vill d\u00e4rf\u00f6r se ett st\u00e4rkt flerniv\u00e5styre och en st\u00e4rkt partnerskapsprincip som s\u00e4kerst\u00e4ller samarbete mellan nationell och regional niv\u00e5 f\u00f6r att uppn\u00e5 uppsatta EU-m\u00e5l.<\/p>\n\n\n\n<p>EFNS f\u00f6resl\u00e5r att regionala strategier f\u00f6r smart specialisering anv\u00e4nds som ett verktyg i denna styrning f\u00f6r att koppla samman regionala investeringsprioriteringar med strukturella reformer. Reformerna i s\u00e5dana planer kan genomf\u00f6ras p\u00e5 nationell, regional eller lokal niv\u00e5, beroende p\u00e5 \u00e5tg\u00e4rdens typ och de olika niv\u00e5ernas befogenheter, med samordning mellan alla niv\u00e5er f\u00f6r att s\u00e4kerst\u00e4lla en koordinerad strategi.<\/p>\n\n\n\n<p>EFNS vill slutligen p\u00e5minna om att sammanh\u00e5llningspolitiken m\u00f6jligg\u00f6r f\u00f6r mindre organisationer, kommuner och akt\u00f6rer med liten institutionell kapacitet att placera sig i st\u00f6rre sammanhang, samarbeta och ta sig an EU:s&nbsp;m\u00e5ls\u00e4ttningar. P\u00e5 s\u00e5 s\u00e4tt har kommuner och regioner l\u00e4nkats samman med det europeiska projektet, vilket gett EU \u00f6kad legitimitet p\u00e5 lokal och regional niv\u00e5. Partnerskap och flerniv\u00e5styre \u00e4r d\u00e4rf\u00f6r avg\u00f6rande f\u00f6r att s\u00e4kerst\u00e4lla att sammanh\u00e5llningspolitiken anpassas till verkliga behov samtidigt som det skapar starkare engagemang f\u00f6r gemensamma europeiska m\u00e5l och f\u00f6r EU som helhet.<\/p>\n\n\n\n<p><strong>Antaget av Europaforum Norra Sverige 19 juni, 2025<\/strong><strong><br><\/strong><\/p>\n\n\n\n<p><strong>Jonas Andersson<\/strong> (S)<br>Region J\u00e4mtland H\u00e4rjedalen<\/p>\n\n\n\n<p><strong>Johan Loock <\/strong>(M)<br>Region J\u00e4mtland H\u00e4rjedalen<\/p>\n\n\n\n<p><strong>Lars-Gunnar Nordlander<\/strong> (S) Kommunf\u00f6rbundet&nbsp;<br>J\u00e4mtland H\u00e4rjedalen<\/p>\n\n\n\n<p><strong>Daniel Danielsson <\/strong>(C)<br>Kommunf\u00f6rbundet&nbsp; J\u00e4mtland H\u00e4rjedalen<\/p>\n\n\n\n<p><strong>\u00c5sa \u00c5gren Wikstr\u00f6m<\/strong> (M) Region V\u00e4sterbotten<\/p>\n\n\n\n<p><strong>Rickard Carstedt<\/strong> (S)<br>Region V\u00e4sterbotten<\/p>\n\n\n\n<p><strong>Ann \u00c5str\u00f6m<\/strong> (S)<br>Region V\u00e4sterbotten<\/p>\n\n\n\n<p><strong>Anders \u00d6berg<\/strong> (S)<br>Region Norrbotten<\/p>\n\n\n\n<p><strong>Isak Utsi<\/strong> (S)<br>Norrbottens Kommuner<\/p>\n\n\n\n<p><strong>Carina Sammeli <\/strong>(S) Norrbottens Kommuner<\/p>\n\n\n\n<p><strong>Dan Rasmusson <\/strong>(SD)<br>Region V\u00e4sternorrland<\/p>\n\n\n\n<p><strong>Jonny Lundin<\/strong> (C)<br>Region V\u00e4sternorrland<\/p>\n\n\n\n<p><strong>Erik L\u00f6vgren<\/strong> (S)<br>Kommunf\u00f6rbundet<br>V\u00e4sternorrland<\/p>\n\n\n\n<p><\/p>\n\n\n\n<div data-wp-interactive=\"core\/file\" class=\"wp-block-file\"><object data-wp-bind--hidden=\"!state.hasPdfPreview\" hidden class=\"wp-block-file__embed\" data=\"https:\/\/europaforum.nu\/wp-content\/uploads\/2025\/08\/Position-sammanhallningspolitik_SVENSKA.pdf\" type=\"application\/pdf\" style=\"width:100%;height:600px\" aria-label=\"Embed of Position sammanha\u030allningspolitik_SVENSKA.\"><\/object><a id=\"wp-block-file--media-249530da-94f4-4225-b31c-e1f230535d44\" href=\"https:\/\/europaforum.nu\/wp-content\/uploads\/2025\/08\/Position-sammanhallningspolitik_SVENSKA.pdf\">Position sammanha\u030allningspolitik_SVENSKA<\/a><a href=\"https:\/\/europaforum.nu\/wp-content\/uploads\/2025\/08\/Position-sammanhallningspolitik_SVENSKA.pdf\" class=\"wp-block-file__button wp-element-button\" download aria-describedby=\"wp-block-file--media-249530da-94f4-4225-b31c-e1f230535d44\">Download<\/a><\/div>\n","protected":false},"excerpt":{"rendered":"<p>Positionen i korthet Inledning Inf\u00f6r f\u00f6rhandlingarna om EU:s n\u00e4sta l\u00e5ngtidsbudget och med de p\u00e5g\u00e5ende diskussionerna om \u00e4ndringar i innevarande programperiod st\u00e5r unionen inf\u00f6r avg\u00f6rande beslut om vilka politikomr\u00e5den och investeringsverktyg [&hellip;]<\/p>\n","protected":false},"author":1,"featured_media":40661,"comment_status":"open","ping_status":"open","sticky":false,"template":"","format":"standard","meta":{"_et_pb_use_builder":"off","_et_pb_old_content":"","_et_gb_content_width":"","footnotes":""},"categories":[11,14],"tags":[],"class_list":["post-41255","post","type-post","status-publish","format-standard","has-post-thumbnail","hentry","category-positionsdokument","category-sammanhallningspolitik"],"_links":{"self":[{"href":"https:\/\/europaforum.nu\/index.php?rest_route=\/wp\/v2\/posts\/41255","targetHints":{"allow":["GET"]}}],"collection":[{"href":"https:\/\/europaforum.nu\/index.php?rest_route=\/wp\/v2\/posts"}],"about":[{"href":"https:\/\/europaforum.nu\/index.php?rest_route=\/wp\/v2\/types\/post"}],"author":[{"embeddable":true,"href":"https:\/\/europaforum.nu\/index.php?rest_route=\/wp\/v2\/users\/1"}],"replies":[{"embeddable":true,"href":"https:\/\/europaforum.nu\/index.php?rest_route=%2Fwp%2Fv2%2Fcomments&post=41255"}],"version-history":[{"count":1,"href":"https:\/\/europaforum.nu\/index.php?rest_route=\/wp\/v2\/posts\/41255\/revisions"}],"predecessor-version":[{"id":41257,"href":"https:\/\/europaforum.nu\/index.php?rest_route=\/wp\/v2\/posts\/41255\/revisions\/41257"}],"wp:featuredmedia":[{"embeddable":true,"href":"https:\/\/europaforum.nu\/index.php?rest_route=\/wp\/v2\/media\/40661"}],"wp:attachment":[{"href":"https:\/\/europaforum.nu\/index.php?rest_route=%2Fwp%2Fv2%2Fmedia&parent=41255"}],"wp:term":[{"taxonomy":"category","embeddable":true,"href":"https:\/\/europaforum.nu\/index.php?rest_route=%2Fwp%2Fv2%2Fcategories&post=41255"},{"taxonomy":"post_tag","embeddable":true,"href":"https:\/\/europaforum.nu\/index.php?rest_route=%2Fwp%2Fv2%2Ftags&post=41255"}],"curies":[{"name":"wp","href":"https:\/\/api.w.org\/{rel}","templated":true}]}}